{"id":16015,"date":"2025-04-26T21:26:04","date_gmt":"2025-04-27T00:26:04","guid":{"rendered":"https:\/\/diariodelujan.com\/xdeporte\/?p=16015"},"modified":"2025-04-26T21:26:04","modified_gmt":"2025-04-27T00:26:04","slug":"flandria-volvio-a-ganar-en-casa","status":"publish","type":"post","link":"https:\/\/diariodelujan.com\/xdeporte\/flandria-volvio-a-ganar-en-casa\/","title":{"rendered":"Flandria volvi\u00f3 a ganar en casa y respira"},"content":{"rendered":"<p><span style=\"font-size: 14pt; font-family: georgia, palatino, serif;\"><em>Este s\u00e1bado, en el estadio Carlos V, <a href=\"https:\/\/www.facebook.com\/ClubsydFlandria\" target=\"_blank\" rel=\"noopener\">Flandria<\/a> logr\u00f3 un importante triunfo ante F\u00e9nix por la 13\u00b0 fecha del torneo Apertura de la Primera B.<\/em> <\/span><\/p>\n<p><!--more--><\/p>\n<p>Flandria, golpeado por la <a href=\"https:\/\/diariodelujan.com\/xdeporte\/flandria-sufrio-una-dura-goleada\/\" target=\"_blank\" rel=\"noopener\">derrota ante Laferrere<\/a>, se recuper\u00f3 y venci\u00f3 al <em>Cuervo<\/em> con una actuaci\u00f3n s\u00f3lida y trabajada.<\/p>\n<h4><strong>Un comienzo trabado y la apertura del marcador<\/strong><\/h4>\n<p>Desde el inicio, Flandria intent\u00f3 marcar el ritmo del partido. Con buen manejo de bal\u00f3n, el <em>Canario<\/em> trat\u00f3 de abrir la cancha y dominar a un F\u00e9nix que apost\u00f3 a la presi\u00f3n alta y a cortar los circuitos de juego. Sin embargo, la falta de espacios complicaba las intenciones del local, que sufr\u00eda algunas p\u00e9rdidas en zonas peligrosas.<\/p>\n<p>La primera jugada de riesgo fue para el conjunto de J\u00e1uregui: un remate de media distancia de Franco Bustamante que exigi\u00f3 al arquero rival. Pero el desahogo lleg\u00f3 a los 30 minutos, cuando Bautista Gonz\u00e1lez aprovech\u00f3 un error en la salida del arquero Ramiro Cordero y, con un derechazo cruzado, puso el 1-0 para Flandria.<\/p>\n<p>Antes del cierre del primer tiempo, el <em>Canario<\/em> pudo ampliar la diferencia, pero Ariel Morales no lleg\u00f3 a conectar un centro preciso desde la izquierda.<\/p>\n<h4><strong>La sentencia lleg\u00f3 en el complemento<\/strong><\/h4>\n<p>En la segunda mitad, F\u00e9nix adelant\u00f3 sus l\u00edneas en busca del empate, pero dej\u00f3 espacios que Flandria estuvo cerca de aprovechar. Primero, Jonatan Palacio encabez\u00f3 dos contragolpes peligrosos, habilitando a Joan Esteche, quien demor\u00f3 en definir y encontr\u00f3 bien parado al arquero visitante.<\/p>\n<p>Cuando parec\u00eda que el resultado segu\u00eda abierto, a los 29 minutos del segundo tiempo apareci\u00f3 Franco Schiavoni. Con un derechazo espectacular desde afuera del \u00e1rea, clav\u00f3 el 2 a 0 definitivo y desat\u00f3 el festejo de la hinchada.<\/p>\n<p>El triunfo fue clave para Flandria, que ven\u00eda de una semana dif\u00edcil tras la goleada sufrida ante Deportivo Laferrere y la acumulaci\u00f3n de bajas sensibles como Mat\u00edas Mariatti, Dante Spitale, Mariano Sagristani, Alejandro Gonz\u00e1lez y Gonzalo Salega. A pesar de estas ausencias, el equipo de Arnaldo Sialle mostr\u00f3 car\u00e1cter y eficacia para quedarse con tres puntos vitales.<\/p>\n<h4><strong>Lo que viene para Flandria<\/strong><\/h4>\n<p>Con este triunfo, los de J\u00e1uregui respiran un poco en la tabla de posiciones, aunque todav\u00eda deben seguir sumando para acercarse a los puestos de privilegio. Actualmente, el equipo ocupa la decimacuarta posici\u00f3n y deber\u00e1 esperar, ya que en la pr\u00f3xima jornada tendr\u00e1 fecha libre. El pr\u00f3ximo compromiso del <em>Canario<\/em> ser\u00e1 en Campana, ante Villa D\u00e1lmine, en el marco de la fecha 15.<\/p>\n","protected":false},"excerpt":{"rendered":"<p>Este s\u00e1bado, en el estadio Carlos V, Flandria logr\u00f3 un importante triunfo ante F\u00e9nix por la 13\u00b0 fecha del torneo Apertura de la Primera B.<\/p>\n","protected":false},"author":3,"featured_media":16016,"comment_status":"closed","ping_status":"closed","sticky":false,"template":"","format":"standard","meta":{"tdm_status":"","tdm_grid_status":"","footnotes":""},"categories":[2,8],"tags":[171,221,172,173,198],"class_list":{"0":"post-16015","1":"post","2":"type-post","3":"status-publish","4":"format-standard","5":"has-post-thumbnail","7":"category-featured","8":"category-futbol","9":"tag-canario","10":"tag-fenix","11":"tag-flandria","12":"tag-futbol","13":"tag-primera-b"},"_links":{"self":[{"href":"https:\/\/diariodelujan.com\/xdeporte\/wp-json\/wp\/v2\/posts\/16015","targetHints":{"allow":["GET"]}}],"collection":[{"href":"https:\/\/diariodelujan.com\/xdeporte\/wp-json\/wp\/v2\/posts"}],"about":[{"href":"https:\/\/diariodelujan.com\/xdeporte\/wp-json\/wp\/v2\/types\/post"}],"author":[{"embeddable":true,"href":"https:\/\/diariodelujan.com\/xdeporte\/wp-json\/wp\/v2\/users\/3"}],"replies":[{"embeddable":true,"href":"https:\/\/diariodelujan.com\/xdeporte\/wp-json\/wp\/v2\/comments?post=16015"}],"version-history":[{"count":2,"href":"https:\/\/diariodelujan.com\/xdeporte\/wp-json\/wp\/v2\/posts\/16015\/revisions"}],"predecessor-version":[{"id":16018,"href":"https:\/\/diariodelujan.com\/xdeporte\/wp-json\/wp\/v2\/posts\/16015\/revisions\/16018"}],"wp:featuredmedia":[{"embeddable":true,"href":"https:\/\/diariodelujan.com\/xdeporte\/wp-json\/wp\/v2\/media\/16016"}],"wp:attachment":[{"href":"https:\/\/diariodelujan.com\/xdeporte\/wp-json\/wp\/v2\/media?parent=16015"}],"wp:term":[{"taxonomy":"category","embeddable":true,"href":"https:\/\/diariodelujan.com\/xdeporte\/wp-json\/wp\/v2\/categories?post=16015"},{"taxonomy":"post_tag","embeddable":true,"href":"https:\/\/diariodelujan.com\/xdeporte\/wp-json\/wp\/v2\/tags?post=16015"}],"curies":[{"name":"wp","href":"https:\/\/api.w.org\/{rel}","templated":true}]}}