{"id":16019,"date":"2025-04-26T22:48:38","date_gmt":"2025-04-27T01:48:38","guid":{"rendered":"https:\/\/diariodelujan.com\/xdeporte\/?p=16019"},"modified":"2025-04-27T19:42:50","modified_gmt":"2025-04-27T22:42:50","slug":"lujan-recibe-a-juventud","status":"publish","type":"post","link":"https:\/\/diariodelujan.com\/xdeporte\/lujan-recibe-a-juventud\/","title":{"rendered":"Luj\u00e1n recibe a Juventud por la chance \u00fanico puntero"},"content":{"rendered":"<p><em><span style=\"font-family: georgia, palatino, serif; font-size: 14pt;\">Este domingo, en el estadio 1\u00b0 de Abril se llevar\u00e1 adelante el encuentro correspondiente a la fecha 8 del torneo. <a href=\"https:\/\/www.facebook.com\/www.clublujan.com.ar\" target=\"_blank\" rel=\"noopener\">Luj\u00e1n<\/a> enfrentar\u00e1 a Juventud Unida en un duelo que promete emociones fuertes, donde ambos equipos necesitan ganar para seguir so\u00f1ando en grande.<\/span><\/em><\/p>\n<p><!--more--><\/p>\n<p>Luj\u00e1n, que viene de <a href=\"https:\/\/diariodelujan.com\/xdeporte\/lujan-derroto-a-centro-espanol\/\" target=\"_blank\" rel=\"noopener\">derrotar a 2-1 a Centro Espa\u00f1ol<\/a>, se enfrenta ante Juventud Unida y la posibilidad de quedar como \u00fanico puntero de la zona B de la Primera C.<\/p>\n<h4><strong>El presente de Luj\u00e1n: a todo o nada<\/strong><\/h4>\n<p>El equipo dirigido por Fredes llega a esta fecha con la necesidad imperiosa de sumar de a tres. Luego del triunfo de Camioneros ante Deportivo Paraguayo, el <em>Cami\u00f3n<\/em> comparte la cima de la zona B junto a Luj\u00e1n, que sabe que este partido no se le puede escapar.<\/p>\n<p>La expectativa es alta entre los hinchas, que volver\u00e1n a copar las tribunas esperando volver a ver a un Luj\u00e1n protagonista. La ilusi\u00f3n est\u00e1 intacta: el <em>Lujanero<\/em> depende de s\u00ed mismo para seguir en la pelea grande.<\/p>\n<h4><strong>Juventud Unida: un rival inc\u00f3modo<\/strong><\/h4>\n<p>Del otro lado estar\u00e1 Juventud Unida, un conjunto que ha sido protagonista durante buena parte del torneo. Ordenado en defensa y peligroso en las transiciones. El <em>Lobo Rojo <\/em>buscar\u00e1 aprovechar cualquier error de Luj\u00e1n para golpear. Saben que un empate no ser\u00eda un mal negocio, pero tampoco renunciar\u00e1n a quedarse con todo.<\/p>\n<h4><strong>Historial reciente<\/strong><\/h4>\n<p>El historial entre el Club Luj\u00e1n y Juventud Unida marca una ventaja para Juventud. Los \u00faltimos partidos entre ambos, disputados el a\u00f1o pasado, terminaron con triunfo del <em>Lobo Rojo<\/em> por 2 a 1, tanto en San Miguel como fuera de casa.<\/p>\n<p>Con estos antecedentes, el choque de este domingo, programado para las 13 hs y arbitrado por Guido Mascheroni, promete ser vibrante desde el primer minuto.<\/p>\n","protected":false},"excerpt":{"rendered":"<p>Este domingo, en el estadio 1\u00b0 de Abril se llevar\u00e1 adelante el encuentro correspondiente a la fecha 8 del torneo. Luj\u00e1n enfrentar\u00e1 a Juventud Unida en un duelo que promete emociones fuertes, donde ambos equipos necesitan ganar para seguir so\u00f1ando en grande.<\/p>\n","protected":false},"author":3,"featured_media":15714,"comment_status":"closed","ping_status":"closed","sticky":false,"template":"","format":"standard","meta":{"tdm_status":"","tdm_grid_status":"","footnotes":""},"categories":[8],"tags":[173,223,117,184,130],"class_list":{"0":"post-16019","1":"post","2":"type-post","3":"status-publish","4":"format-standard","5":"has-post-thumbnail","7":"category-futbol","8":"tag-futbol","9":"tag-juventud-unida","10":"tag-lujan","11":"tag-lujanero","12":"tag-primera-c"},"_links":{"self":[{"href":"https:\/\/diariodelujan.com\/xdeporte\/wp-json\/wp\/v2\/posts\/16019","targetHints":{"allow":["GET"]}}],"collection":[{"href":"https:\/\/diariodelujan.com\/xdeporte\/wp-json\/wp\/v2\/posts"}],"about":[{"href":"https:\/\/diariodelujan.com\/xdeporte\/wp-json\/wp\/v2\/types\/post"}],"author":[{"embeddable":true,"href":"https:\/\/diariodelujan.com\/xdeporte\/wp-json\/wp\/v2\/users\/3"}],"replies":[{"embeddable":true,"href":"https:\/\/diariodelujan.com\/xdeporte\/wp-json\/wp\/v2\/comments?post=16019"}],"version-history":[{"count":3,"href":"https:\/\/diariodelujan.com\/xdeporte\/wp-json\/wp\/v2\/posts\/16019\/revisions"}],"predecessor-version":[{"id":16022,"href":"https:\/\/diariodelujan.com\/xdeporte\/wp-json\/wp\/v2\/posts\/16019\/revisions\/16022"}],"wp:featuredmedia":[{"embeddable":true,"href":"https:\/\/diariodelujan.com\/xdeporte\/wp-json\/wp\/v2\/media\/15714"}],"wp:attachment":[{"href":"https:\/\/diariodelujan.com\/xdeporte\/wp-json\/wp\/v2\/media?parent=16019"}],"wp:term":[{"taxonomy":"category","embeddable":true,"href":"https:\/\/diariodelujan.com\/xdeporte\/wp-json\/wp\/v2\/categories?post=16019"},{"taxonomy":"post_tag","embeddable":true,"href":"https:\/\/diariodelujan.com\/xdeporte\/wp-json\/wp\/v2\/tags?post=16019"}],"curies":[{"name":"wp","href":"https:\/\/api.w.org\/{rel}","templated":true}]}}