{"id":16023,"date":"2025-04-27T20:04:41","date_gmt":"2025-04-27T23:04:41","guid":{"rendered":"https:\/\/diariodelujan.com\/xdeporte\/?p=16023"},"modified":"2025-04-28T08:07:22","modified_gmt":"2025-04-28T11:07:22","slug":"lujan-empato-con-el-lobo-rojo","status":"publish","type":"post","link":"https:\/\/diariodelujan.com\/xdeporte\/lujan-empato-con-el-lobo-rojo\/","title":{"rendered":"Luj\u00e1n empat\u00f3 con el Lobo Rojo en la 8\u00b0 fecha y se mantiene puntero"},"content":{"rendered":"<p><span style=\"font-family: georgia, palatino, serif; font-size: 14pt;\"><em>Por la octava fecha de la Zona B de la Primera C, <a href=\"https:\/\/www.facebook.com\/www.clublujan.com.ar\" target=\"_blank\" rel=\"noopener\">Luj\u00e1n<\/a> recibi\u00f3 este domingo a Juventud Unida en el estadio 1 de Abril y se qued\u00f3 con un punto con un tanto de Juli\u00e1n Ford para seguir puntero.<\/em><\/span><\/p>\n<p><!--more--><\/p>\n<p>Tras el <a href=\"https:\/\/diariodelujan.com\/xdeporte\/lujan-derroto-a-centro-espanol\/\" target=\"_blank\" rel=\"noopener\">triunfo ante Centro Espa\u00f1ol<\/a> fuera de casa, Luj\u00e1n estuvo cerca de una nueva victoria, pero igual\u00f3 sobre el final ante Juventud Unida en un partido vibrante.<\/p>\n<p>El equipo dirigido por Santiago Fredes ven\u00eda de un importante triunfo ante Centro Espa\u00f1ol como visitante, y llegaba como l\u00edder, junto a Camioneros, con 17 unidades. Juventud Unida, por su parte, arribaba a la ciudad tras una derrota ante Argentino de Rosario, aunque ocupaba la cuarta posici\u00f3n, siendo uno de los animadores del torneo.<\/p>\n<h4><strong>Un primer tiempo equilibrado<\/strong><\/h4>\n<p>Desde el pitazo inicial, tanto Luj\u00e1n como Juventud Unida dejaron en claro su intenci\u00f3n de ser protagonistas. El primer tiempo fue muy din\u00e1mico, con llegadas de peligro en ambas \u00e1reas, pero tambi\u00e9n con falencias en la definici\u00f3n que terminaron dejando los arcos en cero al llegar al entretiempo.<\/p>\n<h4><strong>Gol tempranero y control de Luj\u00e1n<\/strong><\/h4>\n<p>En el complemento, Luj\u00e1n no tard\u00f3 en marcar diferencias. A los 2 minutos, Eladio Ramos desbord\u00f3 por la derecha y envi\u00f3 un centro bajo que encontr\u00f3 en el coraz\u00f3n del \u00e1rea a Juli\u00e1n Ford, quien defini\u00f3 con clase para poner el 1 a 0 a favor del local.<\/p>\n<p>Con la ventaja en el marcador, el conjunto de la Bas\u00edlica manej\u00f3 los tiempos del partido, distribuyendo bien la pelota y generando espacios. La situaci\u00f3n se torn\u00f3 a\u00fan m\u00e1s favorable cuando, a los 22 minutos, Franco Quiroz de Juventud Unida vio la tarjeta roja tras una dura infracci\u00f3n, dejando a su equipo con un hombre menos.<\/p>\n<h4><strong>Un empate inesperado sobre la hora<\/strong><\/h4>\n<p>Pese a contar con superioridad num\u00e9rica y oportunidades claras para ampliar el marcador, el <em>Lujanero<\/em> no logr\u00f3 liquidar el partido. Esa falta de contundencia termin\u00f3 pag\u00e1ndose cara: en tiempo de descuento, Juventud Unida encontr\u00f3 el empate.<\/p>\n<p>En una de las \u00faltimas jugadas, tras una buena combinaci\u00f3n por derecha, lleg\u00f3 un centro bajo que deriv\u00f3 en un taco fallido dentro del \u00e1rea, y por el segundo palo apareci\u00f3 Iv\u00e1n Santa Cruz para empujar la pelota al fondo de la red y decretar el 1 a 1 final.<\/p>\n<p>Fue un golpe duro para el local, que ya saboreaba una nueva victoria. Sin embargo, Luj\u00e1n estir\u00f3 su invicto a ocho fechas y se mantiene como \u00fanico puntero de la Zona B de la Primera C.<\/p>\n<h4><strong>Pr\u00f3ximo desaf\u00edo para el <em>Lujanero<\/em><\/strong><\/h4>\n<p>De cara a la 9\u00b0 fecha, Luj\u00e1n deber\u00e1 trasladar su buen momento fuera de casa: visitar\u00e1 a Yupanqui, equipo que viene de empatar 2 a 2 frente a Argentino de Rosario y ocupa el und\u00e9cimo puesto en la tabla con 7 unidades. Ser\u00e1 una nueva oportunidad para el conjunto de Fredes de consolidar su liderazgo y mantener su invicto en este apasionante campeonato de la Primera C.<\/p>\n","protected":false},"excerpt":{"rendered":"<p>Por la octava fecha de la Zona B de la Primera C, Luj\u00e1n recibi\u00f3 este domingo a Juventud Unida en el estadio 1 de Abril y se qued\u00f3 con un punto con un tanto de Juli\u00e1n Ford para seguir puntero.<\/p>\n","protected":false},"author":3,"featured_media":16024,"comment_status":"closed","ping_status":"closed","sticky":false,"template":"","format":"standard","meta":{"tdm_status":"","tdm_grid_status":"","footnotes":""},"categories":[2,8],"tags":[173,223,117,184,130],"class_list":{"0":"post-16023","1":"post","2":"type-post","3":"status-publish","4":"format-standard","5":"has-post-thumbnail","7":"category-featured","8":"category-futbol","9":"tag-futbol","10":"tag-juventud-unida","11":"tag-lujan","12":"tag-lujanero","13":"tag-primera-c"},"_links":{"self":[{"href":"https:\/\/diariodelujan.com\/xdeporte\/wp-json\/wp\/v2\/posts\/16023","targetHints":{"allow":["GET"]}}],"collection":[{"href":"https:\/\/diariodelujan.com\/xdeporte\/wp-json\/wp\/v2\/posts"}],"about":[{"href":"https:\/\/diariodelujan.com\/xdeporte\/wp-json\/wp\/v2\/types\/post"}],"author":[{"embeddable":true,"href":"https:\/\/diariodelujan.com\/xdeporte\/wp-json\/wp\/v2\/users\/3"}],"replies":[{"embeddable":true,"href":"https:\/\/diariodelujan.com\/xdeporte\/wp-json\/wp\/v2\/comments?post=16023"}],"version-history":[{"count":3,"href":"https:\/\/diariodelujan.com\/xdeporte\/wp-json\/wp\/v2\/posts\/16023\/revisions"}],"predecessor-version":[{"id":16027,"href":"https:\/\/diariodelujan.com\/xdeporte\/wp-json\/wp\/v2\/posts\/16023\/revisions\/16027"}],"wp:featuredmedia":[{"embeddable":true,"href":"https:\/\/diariodelujan.com\/xdeporte\/wp-json\/wp\/v2\/media\/16024"}],"wp:attachment":[{"href":"https:\/\/diariodelujan.com\/xdeporte\/wp-json\/wp\/v2\/media?parent=16023"}],"wp:term":[{"taxonomy":"category","embeddable":true,"href":"https:\/\/diariodelujan.com\/xdeporte\/wp-json\/wp\/v2\/categories?post=16023"},{"taxonomy":"post_tag","embeddable":true,"href":"https:\/\/diariodelujan.com\/xdeporte\/wp-json\/wp\/v2\/tags?post=16023"}],"curies":[{"name":"wp","href":"https:\/\/api.w.org\/{rel}","templated":true}]}}