{"id":16028,"date":"2025-05-01T23:02:25","date_gmt":"2025-05-02T02:02:25","guid":{"rendered":"https:\/\/diariodelujan.com\/xdeporte\/?p=16028"},"modified":"2025-05-02T15:14:55","modified_gmt":"2025-05-02T18:14:55","slug":"primera-c-lujan-yupanqui","status":"publish","type":"post","link":"https:\/\/diariodelujan.com\/xdeporte\/primera-c-lujan-yupanqui\/","title":{"rendered":"Luj\u00e1n se mide con Yupanqui en la 9\u00b0 fecha de la Primera C"},"content":{"rendered":"<p><span style=\"font-family: georgia, palatino, serif; font-size: 14pt;\"><em>En el marco de la novena jornada de la Zona B del campeonato de la <strong>Primera C<\/strong>, Luj\u00e1n afrontar\u00e1 un nuevo desaf\u00edo con el objetivo claro de continuar liderando la tabla y prolongar su condici\u00f3n de invicto.<\/em> <!--more--><\/span><\/p>\n<p>Este viernes, desde las 12:00 horas, el conjunto dirigido por Santiago Fredes visitar\u00e1 a Yupanqui en el estadio Ciudad Evita. El \u00e1rbitro designado para el encuentro ser\u00e1 Valent\u00edn Bocaccia.<\/p>\n<p>El <strong>\u201cLujanero\u201d<\/strong> llega a este compromiso tras un empate con sabor agridulce frente a<a href=\"https:\/\/diariodelujan.com\/lujan-recibe-a-juventud\/\"> Juventud Unida<\/a>. A pesar de haber comenzado ganando, no logr\u00f3 sostener la ventaja y el partido finaliz\u00f3 1-1. No obstante, el punto le permiti\u00f3 conservar el liderazgo en la tabla y mantener la racha positiva sin derrotas, lo que lo posiciona como uno de los principales candidatos al ascenso en esta fase del certamen.<\/p>\n<p><span style=\"font-size: 14pt;\"><strong>Regresos claves para Luj\u00e1n<\/strong><\/span><\/p>\n<p>De cara al duelo ante el \u201cTrapero\u201d, Fredes contar\u00e1 con dos regresos importantes: <strong>Maximiliano Carnelutto<\/strong> y <strong>Tom\u00e1s Luj\u00e1n<\/strong>, quienes ya cumplieron con las tres fechas de suspensi\u00f3n que les impidieron estar presentes en los compromisos anteriores. Ambos futbolistas se perfilan como titulares para reforzar al equipo en sectores clave del campo.<\/p>\n<p>Carnelutto, lateral derecho con proyecci\u00f3n ofensiva, competir\u00eda por el puesto con Lucas G\u00f3mez, aunque todo indica que ser\u00e1 de la partida. Por su parte, Tom\u00e1s Luj\u00e1n regresar\u00eda al ataque en reemplazo de Lisandro S\u00e1nchez Olmos, buscando darle mayor contundencia a la delantera lujanense.<\/p>\n<h3><span style=\"font-size: 14pt;\"><strong>Posible formaci\u00f3n<\/strong><\/span><\/h3>\n<p>Con estas variantes, el once inicial de Luj\u00e1n ser\u00eda:<a href=\"https:\/\/diariodelujan.com\/xdeporte\/wp-content\/uploads\/2025\/05\/perdida.jpg\"><img loading=\"lazy\" decoding=\"async\" class=\"alignright size-medium wp-image-16033\" src=\"https:\/\/diariodelujan.com\/xdeporte\/wp-content\/uploads\/2025\/05\/perdida-169x300.jpg\" alt=\"Mascota perdida\" width=\"169\" height=\"300\" title=\"\" srcset=\"https:\/\/diariodelujan.com\/xdeporte\/wp-content\/uploads\/2025\/05\/perdida-169x300.jpg 169w, https:\/\/diariodelujan.com\/xdeporte\/wp-content\/uploads\/2025\/05\/perdida-576x1024.jpg 576w, https:\/\/diariodelujan.com\/xdeporte\/wp-content\/uploads\/2025\/05\/perdida-236x420.jpg 236w, https:\/\/diariodelujan.com\/xdeporte\/wp-content\/uploads\/2025\/05\/perdida-696x1237.jpg 696w, https:\/\/diariodelujan.com\/xdeporte\/wp-content\/uploads\/2025\/05\/perdida.jpg 720w\" sizes=\"auto, (max-width: 169px) 100vw, 169px\" \/><\/a><br \/>\n<strong>Mat\u00edas Lescano<\/strong>; <strong>Carnelutto o G\u00f3mez<\/strong>, <strong>Nahuel Icazatti<\/strong>, <strong>Diego Molina<\/strong>, <strong>Di\u00f3genes Notta<\/strong>; <strong>Facundo Rojas<\/strong>, <strong>Juan Rom\u00e1n L\u00f3pez<\/strong>, <strong>Tom\u00e1s Bellido<\/strong>, <strong>Juli\u00e1n Ford<\/strong>; <strong>Eladio Ramos<\/strong> y <strong>Luj\u00e1n o S\u00e1nchez Olmos<\/strong>.<\/p>\n<p>Adem\u00e1s, fueron convocados para integrar el banco de suplentes: Lucas Torlaschi, G\u00f3mez, Gast\u00f3n Albornoz, Rom\u00e1n L\u00f3pez, Ferm\u00edn Urtasun, Mart\u00edn Duna, Nicol\u00e1s Valera, Pedro Alfonso, Tob\u00edas Ferrari, Kevin Tovani, Brandon Arriola y S\u00e1nchez Olmos.<\/p>\n<h3><strong><span style=\"font-size: 14pt;\">Un rival necesitado de puntos<\/span><\/strong><\/h3>\n<p><a href=\"https:\/\/www.instagram.com\/clubyupanquioficial\/?hl=es\" target=\"_blank\" rel=\"noopener\">Yupanqui<\/a>, por su parte, buscar\u00e1 hacerse fuerte de local para escalar posiciones en la tabla y alejarse del fondo. El \u201cTrapero\u201d sabe que tiene enfrente a uno de los equipos m\u00e1s s\u00f3lidos del campeonato, pero conf\u00eda en poder dar el golpe con el apoyo de su gente. El conjunto de Ciudad Evita intentar\u00e1 cortar el invicto del l\u00edder y demostrar que tiene herramientas para competir con los mejores de la categor\u00eda.<\/p>\n<h3><span style=\"font-size: 14pt;\"><strong>Ganar y seguir arriba en la Primera C<\/strong><\/span><\/h3>\n<p>El equipo de la Bas\u00edlica se ilusiona con pelear hasta el final en esta re\u00f1ida <strong>Primera C<\/strong>, y este viernes tiene una oportunidad ideal para consolidar su buen momento. Una victoria no solo le permitir\u00eda seguir en lo m\u00e1s alto de la Zona B, sino tambi\u00e9n enviar un mensaje claro a sus perseguidores: Luj\u00e1n va en serio.<\/p>\n<p>Con un plantel equilibrado, que combina juventud y experiencia, y un cuerpo t\u00e9cnico que ha sabido encontrar funcionamiento colectivo, el \u201cLujanero\u201d est\u00e1 decidido a ser protagonista. La fecha 9 representa una nueva escala en ese camino.<\/p>\n<p><span style=\"color: #808080;\">Foto Prensa Luj\u00e1n<\/span><\/p>\n","protected":false},"excerpt":{"rendered":"<p>En el marco de la novena jornada de la Zona B del campeonato de la Primera C, Luj\u00e1n afrontar\u00e1 un nuevo desaf\u00edo con el objetivo claro de continuar liderando la tabla y prolongar su condici\u00f3n de invicto.<\/p>\n","protected":false},"author":4,"featured_media":16031,"comment_status":"closed","ping_status":"closed","sticky":false,"template":"","format":"standard","meta":{"tdm_status":"","tdm_grid_status":"","footnotes":""},"categories":[8],"tags":[117,130,194],"class_list":{"0":"post-16028","1":"post","2":"type-post","3":"status-publish","4":"format-standard","5":"has-post-thumbnail","7":"category-futbol","8":"tag-lujan","9":"tag-primera-c","10":"tag-yupanqui"},"_links":{"self":[{"href":"https:\/\/diariodelujan.com\/xdeporte\/wp-json\/wp\/v2\/posts\/16028","targetHints":{"allow":["GET"]}}],"collection":[{"href":"https:\/\/diariodelujan.com\/xdeporte\/wp-json\/wp\/v2\/posts"}],"about":[{"href":"https:\/\/diariodelujan.com\/xdeporte\/wp-json\/wp\/v2\/types\/post"}],"author":[{"embeddable":true,"href":"https:\/\/diariodelujan.com\/xdeporte\/wp-json\/wp\/v2\/users\/4"}],"replies":[{"embeddable":true,"href":"https:\/\/diariodelujan.com\/xdeporte\/wp-json\/wp\/v2\/comments?post=16028"}],"version-history":[{"count":4,"href":"https:\/\/diariodelujan.com\/xdeporte\/wp-json\/wp\/v2\/posts\/16028\/revisions"}],"predecessor-version":[{"id":16034,"href":"https:\/\/diariodelujan.com\/xdeporte\/wp-json\/wp\/v2\/posts\/16028\/revisions\/16034"}],"wp:featuredmedia":[{"embeddable":true,"href":"https:\/\/diariodelujan.com\/xdeporte\/wp-json\/wp\/v2\/media\/16031"}],"wp:attachment":[{"href":"https:\/\/diariodelujan.com\/xdeporte\/wp-json\/wp\/v2\/media?parent=16028"}],"wp:term":[{"taxonomy":"category","embeddable":true,"href":"https:\/\/diariodelujan.com\/xdeporte\/wp-json\/wp\/v2\/categories?post=16028"},{"taxonomy":"post_tag","embeddable":true,"href":"https:\/\/diariodelujan.com\/xdeporte\/wp-json\/wp\/v2\/tags?post=16028"}],"curies":[{"name":"wp","href":"https:\/\/api.w.org\/{rel}","templated":true}]}}