{"id":16041,"date":"2025-05-02T16:50:10","date_gmt":"2025-05-02T19:50:10","guid":{"rendered":"https:\/\/diariodelujan.com\/xdeporte\/?p=16041"},"modified":"2025-05-02T16:50:10","modified_gmt":"2025-05-02T19:50:10","slug":"el-lujanero-le-gano-a-yupanqui","status":"publish","type":"post","link":"https:\/\/diariodelujan.com\/xdeporte\/el-lujanero-le-gano-a-yupanqui\/","title":{"rendered":"El Lujanero le gan\u00f3 a Yupanqui y sigue puntero"},"content":{"rendered":"<p><span style=\"font-size: 14pt; font-family: georgia, palatino, serif;\"><em>Este viernes, <a href=\"https:\/\/www.facebook.com\/www.clublujan.com.ar\" target=\"_blank\" rel=\"noopener\">el Lujanero<\/a> derrot\u00f3 a Yupanqui como visitante, estir\u00f3 su invicto a nueve fechas y se mantiene como el \u00fanico puntero de la Zona B de la Primera C. El equipo de Fredes volvi\u00f3 a mostrar car\u00e1cter y sue\u00f1a en grande.<\/em><\/span><\/p>\n<p><!--more--><\/p>\n<p>El <em>Lujanero, <\/em>que viene de un <a href=\"https:\/\/diariodelujan.com\/xdeporte\/lujan-empato-con-el-lobo-rojo\/\" target=\"_blank\" rel=\"noopener\">empate contra Juventud Unida<\/a>, estir\u00f3 su invicto a nueve partidos y reafirm\u00f3 su liderazgo en la tabla al ganarle a Yupanqui en condici\u00f3n de visitante.<\/p>\n<p>El partido comenz\u00f3 con la iniciativa del local, que intent\u00f3 presionar en campo rival. Sin embargo, Luj\u00e1n\u00a0peg\u00f3 primero y lo hizo con contundencia. A los 6 minutos, en una jugada r\u00e1pida y precisa, Eladio Ramos control\u00f3 un pase largo en la mitad de la cancha, encar\u00f3 en velocidad y, tras el achique del arquero Lucas Alegre, defini\u00f3 con un remate bajo que se convirti\u00f3 en el 1 a 0 para la visita. Golazo y golpe psicol\u00f3gico para un Yupanqui que no encontraba respuestas.<\/p>\n<p>Desde la ventaja, Luj\u00e1n creci\u00f3. Se adue\u00f1\u00f3 del mediocampo, fue vertical en ataque y mantuvo a su rival lejos del \u00e1rea de Mat\u00edas Lescano. El regreso de piezas claves como Tom\u00e1s Luj\u00e1n, Pedro Alfonso y Mart\u00edn Duna le dio al equipo mayor equilibrio, circulaci\u00f3n y jerarqu\u00eda en los momentos importantes del juego.<\/p>\n<p>Pero cuando todo parec\u00eda controlado, lleg\u00f3 la igualdad del local: a los 30 minutos, Alexis Leguizam\u00f3n conect\u00f3 de cabeza un centro desde la izquierda y estamp\u00f3 el 1 a 1, sorprendiendo a la defensa de los de la Bas\u00edlica. La alegr\u00eda dur\u00f3 poco. Apenas sesenta segundos m\u00e1s tarde, otra vez apareci\u00f3 la sociedad letal: Ramos domin\u00f3 por derecha, aceler\u00f3 y habilit\u00f3 a Tom\u00e1s Luj\u00e1n, que con un giro perfecto sobre su marcador defini\u00f3 con clase para poner el 2 a 1 y devolverle r\u00e1pidamente la ventaja a su equipo.<\/p>\n<p>El segundo tiempo tuvo un ritmo m\u00e1s bajo, con el conjunto visitante manejando los tiempos, dosificando energ\u00edas y generando chances claras para liquidarlo. Sin embargo, le falt\u00f3 precisi\u00f3n en los metros finales para ampliar el marcador. Del otro lado, Yupanqui mostr\u00f3 voluntad, pero careci\u00f3 de ideas y profundidad para inquietar seriamente a Lescano.<\/p>\n<p>Con este resultado, el <em>Lujanero<\/em> alcanz\u00f3 su sexta victoria en nueve presentaciones, con tres empates, sin conocer la derrota y consolid\u00e1ndose como \u00fanico l\u00edder con 21 puntos. La solidez defensiva, el juego asociado y la efectividad en los momentos clave explican gran parte de este gran arranque de temporada.<\/p>\n<h3><span style=\"font-size: 14pt;\"><strong>Un equipo que sabe lo que quiere<\/strong><\/span><\/h3>\n<p>El m\u00e9rito del cuerpo t\u00e9cnico encabezado por Fredes es innegable: arm\u00f3 un equipo competitivo, equilibrado y con una identidad clara. El regreso de suspendidos como Maximiliano Carnelutto y Tom\u00e1s Luj\u00e1n le devolvi\u00f3 variantes a un plantel que no afloja en intensidad ni compromiso. Adem\u00e1s, futbolistas como Eladio Ramos se afianzan como figuras determinantes, aportando tanto juego como goles.<\/p>\n<h3><span style=\"font-size: 14pt;\"><strong>Pr\u00f3ximo objetivo del <em>Lujanero<\/em>: sostener la cima<\/strong><\/span><\/h3>\n<p>Luj\u00e1n ya dej\u00f3 atr\u00e1s a rivales complicados y ahora se enfoca en seguir creciendo. Su presente ilusiona y lo posiciona como uno de los m\u00e1ximos candidatos en la lucha por el ascenso. En la pr\u00f3xima fecha recibir\u00e1 a Camioneros, rival que le sigue los pasos de cerca.<\/p>\n","protected":false},"excerpt":{"rendered":"<p>Este viernes, el Lujanero derrot\u00f3 a Yupanqui como visitante, estir\u00f3 su invicto a nueve fechas y se mantiene como el \u00fanico puntero de la Zona B de la Primera C. El equipo de Fredes volvi\u00f3 a mostrar car\u00e1cter y sue\u00f1a en grande.<\/p>\n","protected":false},"author":3,"featured_media":16042,"comment_status":"closed","ping_status":"closed","sticky":false,"template":"","format":"standard","meta":{"tdm_status":"","tdm_grid_status":"","footnotes":""},"categories":[2,8],"tags":[173,117,184,130,194],"class_list":{"0":"post-16041","1":"post","2":"type-post","3":"status-publish","4":"format-standard","5":"has-post-thumbnail","7":"category-featured","8":"category-futbol","9":"tag-futbol","10":"tag-lujan","11":"tag-lujanero","12":"tag-primera-c","13":"tag-yupanqui"},"_links":{"self":[{"href":"https:\/\/diariodelujan.com\/xdeporte\/wp-json\/wp\/v2\/posts\/16041","targetHints":{"allow":["GET"]}}],"collection":[{"href":"https:\/\/diariodelujan.com\/xdeporte\/wp-json\/wp\/v2\/posts"}],"about":[{"href":"https:\/\/diariodelujan.com\/xdeporte\/wp-json\/wp\/v2\/types\/post"}],"author":[{"embeddable":true,"href":"https:\/\/diariodelujan.com\/xdeporte\/wp-json\/wp\/v2\/users\/3"}],"replies":[{"embeddable":true,"href":"https:\/\/diariodelujan.com\/xdeporte\/wp-json\/wp\/v2\/comments?post=16041"}],"version-history":[{"count":1,"href":"https:\/\/diariodelujan.com\/xdeporte\/wp-json\/wp\/v2\/posts\/16041\/revisions"}],"predecessor-version":[{"id":16043,"href":"https:\/\/diariodelujan.com\/xdeporte\/wp-json\/wp\/v2\/posts\/16041\/revisions\/16043"}],"wp:featuredmedia":[{"embeddable":true,"href":"https:\/\/diariodelujan.com\/xdeporte\/wp-json\/wp\/v2\/media\/16042"}],"wp:attachment":[{"href":"https:\/\/diariodelujan.com\/xdeporte\/wp-json\/wp\/v2\/media?parent=16041"}],"wp:term":[{"taxonomy":"category","embeddable":true,"href":"https:\/\/diariodelujan.com\/xdeporte\/wp-json\/wp\/v2\/categories?post=16041"},{"taxonomy":"post_tag","embeddable":true,"href":"https:\/\/diariodelujan.com\/xdeporte\/wp-json\/wp\/v2\/tags?post=16041"}],"curies":[{"name":"wp","href":"https:\/\/api.w.org\/{rel}","templated":true}]}}