{"id":16093,"date":"2025-05-11T11:21:32","date_gmt":"2025-05-11T14:21:32","guid":{"rendered":"https:\/\/diariodelujan.com\/xdeporte\/?p=16093"},"modified":"2025-05-11T18:17:33","modified_gmt":"2025-05-11T21:17:33","slug":"lujanero-recibe-a-camioneros","status":"publish","type":"post","link":"https:\/\/diariodelujan.com\/xdeporte\/lujanero-recibe-a-camioneros\/","title":{"rendered":"El Lujanero recibe a Camioneros en el 1\u00b0 de Abril"},"content":{"rendered":"<p><span style=\"font-family: georgia, palatino, serif; font-size: 14pt;\"><em><a href=\"https:\/\/www.facebook.com\/www.clublujan.com.ar\" target=\"_blank\" rel=\"noopener\">El Lujanero<\/a> enfrenta a un duro rival en un cruce clave por la pelea en los puestos de vanguardia. Se espera un duelo intenso y con mucho en juego.<\/em><\/span><\/p>\n<p><!--more--><\/p>\n<p>Este domingo, Luj\u00e1n se enfrenta a Camioneros en el 1\u00b0 de Abril, en uno de los encuentros m\u00e1s atractivos de la fecha. Con ambos equipos peleando en lo m\u00e1s alto de la tabla, el choque promete emociones fuertes y puede marcar un punto de inflexi\u00f3n en el torneo.<\/p>\n<h3><span style=\"font-size: 14pt;\"><strong>El presente del Lujanero: ilusi\u00f3n y madurez<\/strong><\/span><\/h3>\n<p>El equipo lujanense aun no ha sufrido ninguna derrota en las nueve fechas que jug\u00f3 y se ha convertido en un rival inc\u00f3modo para cualquiera. Su \u00faltima <a href=\"https:\/\/diariodelujan.com\/xdeporte\/el-lujanero-le-gano-a-yupanqui\/\" target=\"_blank\" rel=\"noopener\">victoria ante Yupanqui<\/a> reforz\u00f3 la confianza del plantel y le permiti\u00f3 sostenerse como l\u00edder indiscutido de la zona B.<\/p>\n<h3><span style=\"font-size: 14pt;\"><strong>Camioneros, un rival exigente<\/strong><\/span><\/h3>\n<p>Del otro lado estar\u00e1 Camioneros, un equipo que se muestra igual de competitivo en la categor\u00eda. Con una base de jugadores de experiencia y un cuerpo t\u00e9cnico que conoce bien los desaf\u00edos de la divisional, el conjunto visitante tambi\u00e9n pelea por el primer lugar y llega a este encuentro con la necesidad de sumar para no perderle pisada a los de la banda.<\/p>\n<p>Luj\u00e1n buscar\u00e1 hacerse fuerte en casa, con el aliento de su gente como motor emocional, este domingo a partir de las 15:30 hs.<\/p>\n","protected":false},"excerpt":{"rendered":"<p>El Lujanero enfrenta a un duro rival en un cruce clave por la pelea en los puestos de vanguardia. Se espera un duelo intenso y con mucho en juego.<\/p>\n","protected":false},"author":3,"featured_media":15725,"comment_status":"closed","ping_status":"closed","sticky":false,"template":"","format":"standard","meta":{"tdm_status":"","tdm_grid_status":"","footnotes":""},"categories":[8],"tags":[460,173,117,184,130],"class_list":{"0":"post-16093","1":"post","2":"type-post","3":"status-publish","4":"format-standard","5":"has-post-thumbnail","7":"category-futbol","8":"tag-camioneros","9":"tag-futbol","10":"tag-lujan","11":"tag-lujanero","12":"tag-primera-c"},"_links":{"self":[{"href":"https:\/\/diariodelujan.com\/xdeporte\/wp-json\/wp\/v2\/posts\/16093","targetHints":{"allow":["GET"]}}],"collection":[{"href":"https:\/\/diariodelujan.com\/xdeporte\/wp-json\/wp\/v2\/posts"}],"about":[{"href":"https:\/\/diariodelujan.com\/xdeporte\/wp-json\/wp\/v2\/types\/post"}],"author":[{"embeddable":true,"href":"https:\/\/diariodelujan.com\/xdeporte\/wp-json\/wp\/v2\/users\/3"}],"replies":[{"embeddable":true,"href":"https:\/\/diariodelujan.com\/xdeporte\/wp-json\/wp\/v2\/comments?post=16093"}],"version-history":[{"count":1,"href":"https:\/\/diariodelujan.com\/xdeporte\/wp-json\/wp\/v2\/posts\/16093\/revisions"}],"predecessor-version":[{"id":16094,"href":"https:\/\/diariodelujan.com\/xdeporte\/wp-json\/wp\/v2\/posts\/16093\/revisions\/16094"}],"wp:featuredmedia":[{"embeddable":true,"href":"https:\/\/diariodelujan.com\/xdeporte\/wp-json\/wp\/v2\/media\/15725"}],"wp:attachment":[{"href":"https:\/\/diariodelujan.com\/xdeporte\/wp-json\/wp\/v2\/media?parent=16093"}],"wp:term":[{"taxonomy":"category","embeddable":true,"href":"https:\/\/diariodelujan.com\/xdeporte\/wp-json\/wp\/v2\/categories?post=16093"},{"taxonomy":"post_tag","embeddable":true,"href":"https:\/\/diariodelujan.com\/xdeporte\/wp-json\/wp\/v2\/tags?post=16093"}],"curies":[{"name":"wp","href":"https:\/\/api.w.org\/{rel}","templated":true}]}}