{"id":16103,"date":"2025-05-13T18:31:18","date_gmt":"2025-05-13T21:31:18","guid":{"rendered":"https:\/\/diariodelujan.com\/xdeporte\/?p=16103"},"modified":"2025-05-13T18:31:47","modified_gmt":"2025-05-13T21:31:47","slug":"desafio-mtb-torres","status":"publish","type":"post","link":"https:\/\/diariodelujan.com\/xdeporte\/desafio-mtb-torres\/","title":{"rendered":"M\u00e1s de 500 ciclistas participaron del Desaf\u00edo MTB de Torres"},"content":{"rendered":"<p><span style=\"font-family: georgia, palatino, serif; font-size: 14pt;\"><em>La competencia se desarroll\u00f3 en un circuito trazado por caminos rurales entre Torres y Carlos Keen, en tres grandes categor\u00edas: 54 kil\u00f3metros competitivos, 36 kil\u00f3metros promocionales y 18 kil\u00f3metros participativos.<\/em><\/span><\/p>\n<p><!--more--><\/p>\n<p>Al finalizar la jornada, se realiz\u00f3 la premiaci\u00f3n en el mismo predio ferroviario, donde tambi\u00e9n se dispuso una feria artesanal y un sector gastron\u00f3mico con participaci\u00f3n de actores de la localidad de Torres.<\/p>\n<p>Entre los ciclistas lujanenses, se destac\u00f3 la participaci\u00f3n de Daniel \u00c1vila, que qued\u00f3 tercero en la categor\u00eda B2 Masculino; Juan Pablo Bajac y Fabi\u00e1n Cesario, terceros en la categor\u00eda Duplas Masculino; Mart\u00edn Molawczyk, segundo en la categor\u00eda Ravel Masculino; Norma Pesoimboure, segunda en la categor\u00eda Participativa Femenina; Mauricio Pellati, tercero en la categor\u00eda Participativa Masculino; Mario Cabeza, primero en la categor\u00eda Promocional Masculino E; Viviana Ruiz, primera en la categor\u00eda Promocional Femenina B; y Valent\u00edn Pe\u00f1alba, primero en la categor\u00eda Juveniles Masculinos.<\/p>\n<p><a href=\"https:\/\/diariodelujan.com\/wp-content\/uploads\/2025\/05\/Desafio-MTB-.webp\"><img loading=\"lazy\" decoding=\"async\" class=\"alignnone size-full wp-image-27972\" src=\"https:\/\/diariodelujan.com\/wp-content\/uploads\/2025\/05\/Desafio-MTB-.webp\" alt=\"Desaf\u00edo MTB de Torres\" width=\"800\" height=\"558\" title=\"\"><\/a><\/p>\n<p>El <a href=\"https:\/\/diariodelujan.com\/transpampeana-en-torres\/\">Desaf\u00edo de Torres<\/a> cont\u00f3 con el apoyo de la<a href=\"https:\/\/www.lujan.gob.ar\/?q=actividades-deportivas-gratuitas\" target=\"_blank\" rel=\"noopener\"> Direcci\u00f3n de Deportes<\/a> dependiente de la Secretar\u00eda de Desarrollo Humano del Municipio.<\/p>\n","protected":false},"excerpt":{"rendered":"<p>La competencia se desarroll\u00f3 en un circuito trazado por caminos rurales entre Torres y Carlos Keen, en tres grandes categor\u00edas: 54 kil\u00f3metros competitivos, 36 kil\u00f3metros promocionales y 18 kil\u00f3metros participativos.<\/p>\n","protected":false},"author":4,"featured_media":16104,"comment_status":"closed","ping_status":"closed","sticky":false,"template":"","format":"standard","meta":{"tdm_status":"","tdm_grid_status":"","footnotes":""},"categories":[7,2],"tags":[462,461,273],"class_list":{"0":"post-16103","1":"post","2":"type-post","3":"status-publish","4":"format-standard","5":"has-post-thumbnail","7":"category-ciclismo","8":"category-featured","9":"tag-desafio-ciclista","10":"tag-mbt","11":"tag-torres"},"_links":{"self":[{"href":"https:\/\/diariodelujan.com\/xdeporte\/wp-json\/wp\/v2\/posts\/16103","targetHints":{"allow":["GET"]}}],"collection":[{"href":"https:\/\/diariodelujan.com\/xdeporte\/wp-json\/wp\/v2\/posts"}],"about":[{"href":"https:\/\/diariodelujan.com\/xdeporte\/wp-json\/wp\/v2\/types\/post"}],"author":[{"embeddable":true,"href":"https:\/\/diariodelujan.com\/xdeporte\/wp-json\/wp\/v2\/users\/4"}],"replies":[{"embeddable":true,"href":"https:\/\/diariodelujan.com\/xdeporte\/wp-json\/wp\/v2\/comments?post=16103"}],"version-history":[{"count":3,"href":"https:\/\/diariodelujan.com\/xdeporte\/wp-json\/wp\/v2\/posts\/16103\/revisions"}],"predecessor-version":[{"id":16107,"href":"https:\/\/diariodelujan.com\/xdeporte\/wp-json\/wp\/v2\/posts\/16103\/revisions\/16107"}],"wp:featuredmedia":[{"embeddable":true,"href":"https:\/\/diariodelujan.com\/xdeporte\/wp-json\/wp\/v2\/media\/16104"}],"wp:attachment":[{"href":"https:\/\/diariodelujan.com\/xdeporte\/wp-json\/wp\/v2\/media?parent=16103"}],"wp:term":[{"taxonomy":"category","embeddable":true,"href":"https:\/\/diariodelujan.com\/xdeporte\/wp-json\/wp\/v2\/categories?post=16103"},{"taxonomy":"post_tag","embeddable":true,"href":"https:\/\/diariodelujan.com\/xdeporte\/wp-json\/wp\/v2\/tags?post=16103"}],"curies":[{"name":"wp","href":"https:\/\/api.w.org\/{rel}","templated":true}]}}