{"id":16108,"date":"2025-05-14T12:52:58","date_gmt":"2025-05-14T15:52:58","guid":{"rendered":"https:\/\/diariodelujan.com\/xdeporte\/?p=16108"},"modified":"2025-05-14T12:52:58","modified_gmt":"2025-05-14T15:52:58","slug":"liga-municipal-de-basquet","status":"publish","type":"post","link":"https:\/\/diariodelujan.com\/xdeporte\/liga-municipal-de-basquet\/","title":{"rendered":"Se abrieron las inscripciones para la Liga Municipal de B\u00e1squet"},"content":{"rendered":"<p><span style=\"font-family: georgia, palatino, serif; font-size: 14pt;\"><em>Se encuentran abiertas las inscripciones para participar de la Liga Municipal de B\u00e1squet, una iniciativa que tiene como objetivos promover y fortalecer la pr\u00e1ctica del deporte en todo el distrito.<\/em><\/span><\/p>\n<p><!--more--><\/p>\n<p>La convocatoria est\u00e1 dirigida tanto a clubes tradicionales como a equipos barriales, escolares o vinculados a alguna instituci\u00f3n. En este sentido, la competencia se organizar\u00e1 en las categor\u00edas mixtas U9 (8 y 9 a\u00f1os), U11 (10 y 11 a\u00f1os), U13 (12 y 13 a\u00f1os), U15 (14 y 15 a\u00f1os) y U17 (16 y 17 a\u00f1os).<\/p>\n<p>\u201cLa puesta en marcha de la Liga es la continuidad natural del trabajo que venimos haciendo a trav\u00e9s de la Escuela Municipal de B\u00e1squet y la consolidaci\u00f3n de nueva infraestructura deportiva en distintos barrios de Luj\u00e1n. Contar con una competencia permanente nos va a permitir promover un deporte que est\u00e1 en crecimiento y fortalecer experiencias deportivas que todav\u00eda est\u00e1n en una etapa de formaci\u00f3n\u201d, expres\u00f3 la Coordinadora de la Escuela <a href=\"https:\/\/www.lujan.gob.ar\/\" target=\"_blank\" rel=\"noopener\">Municipal<\/a> de B\u00e1squet, Florencia Adorno.<\/p>\n<p>Por otra parte, los partidos de La Liga se disputar\u00e1n los fines de semana en las canchas p\u00fablicas del Parque San Mart\u00edn -con la organizaci\u00f3n de los profesores que integran la Escuela Municipal de B\u00e1squet-.<\/p>\n<p>Por consultas e inscripciones, los equipos interesados pueden comunicarse al tel\u00e9fono 2323 531376.<\/p>\n","protected":false},"excerpt":{"rendered":"<p>Se encuentran abiertas las inscripciones para participar de la Liga Municipal de B\u00e1squet, una iniciativa que tiene como objetivos promover y fortalecer la pr\u00e1ctica del deporte en todo el distrito.<\/p>\n","protected":false},"author":4,"featured_media":15626,"comment_status":"closed","ping_status":"closed","sticky":false,"template":"","format":"standard","meta":{"tdm_status":"","tdm_grid_status":"","footnotes":""},"categories":[425,2],"tags":[463],"class_list":{"0":"post-16108","1":"post","2":"type-post","3":"status-publish","4":"format-standard","5":"has-post-thumbnail","7":"category-basquet","8":"category-featured","9":"tag-liga-municipal-de-basquet"},"_links":{"self":[{"href":"https:\/\/diariodelujan.com\/xdeporte\/wp-json\/wp\/v2\/posts\/16108","targetHints":{"allow":["GET"]}}],"collection":[{"href":"https:\/\/diariodelujan.com\/xdeporte\/wp-json\/wp\/v2\/posts"}],"about":[{"href":"https:\/\/diariodelujan.com\/xdeporte\/wp-json\/wp\/v2\/types\/post"}],"author":[{"embeddable":true,"href":"https:\/\/diariodelujan.com\/xdeporte\/wp-json\/wp\/v2\/users\/4"}],"replies":[{"embeddable":true,"href":"https:\/\/diariodelujan.com\/xdeporte\/wp-json\/wp\/v2\/comments?post=16108"}],"version-history":[{"count":1,"href":"https:\/\/diariodelujan.com\/xdeporte\/wp-json\/wp\/v2\/posts\/16108\/revisions"}],"predecessor-version":[{"id":16109,"href":"https:\/\/diariodelujan.com\/xdeporte\/wp-json\/wp\/v2\/posts\/16108\/revisions\/16109"}],"wp:featuredmedia":[{"embeddable":true,"href":"https:\/\/diariodelujan.com\/xdeporte\/wp-json\/wp\/v2\/media\/15626"}],"wp:attachment":[{"href":"https:\/\/diariodelujan.com\/xdeporte\/wp-json\/wp\/v2\/media?parent=16108"}],"wp:term":[{"taxonomy":"category","embeddable":true,"href":"https:\/\/diariodelujan.com\/xdeporte\/wp-json\/wp\/v2\/categories?post=16108"},{"taxonomy":"post_tag","embeddable":true,"href":"https:\/\/diariodelujan.com\/xdeporte\/wp-json\/wp\/v2\/tags?post=16108"}],"curies":[{"name":"wp","href":"https:\/\/api.w.org\/{rel}","templated":true}]}}