{"id":16110,"date":"2025-05-16T11:46:29","date_gmt":"2025-05-16T14:46:29","guid":{"rendered":"https:\/\/diariodelujan.com\/xdeporte\/?p=16110"},"modified":"2025-05-16T11:46:29","modified_gmt":"2025-05-16T14:46:29","slug":"olimpiadas-virgen-de-lujan-adultos-mayores","status":"publish","type":"post","link":"https:\/\/diariodelujan.com\/xdeporte\/olimpiadas-virgen-de-lujan-adultos-mayores\/","title":{"rendered":"Exitosa nueva edici\u00f3n de las Olimp\u00edadas Virgen de Luj\u00e1n"},"content":{"rendered":"<p><span style=\"font-family: georgia, palatino, serif; font-size: 14pt;\"><em>Con la participaci\u00f3n de m\u00e1s de 2500 personas mayores de 23 distritos de la provincia, este jueves se disput\u00f3 la Etapa Final de las Olimp\u00edadas Virgen de Luj\u00e1n en las instalaciones del Club N\u00e1utico \u201cEl Tim\u00f3n\u201d.<\/em><\/span><\/p>\n<p><!--more--><\/p>\n<p>\u201cPara nosotros siempre es motivo de orgullo poder recibirlos a todos ac\u00e1 en Luj\u00e1n, en este predio \u00fanico por su infraestructura y entorno natural que es el <a href=\"https:\/\/clubeltimon.com.ar\/\" target=\"_blank\" rel=\"noopener\">Club N\u00e1utico \u201cEl Tim\u00f3n\u201d<\/a>.<\/p>\n<p>Las Olimpiadas Virgen de Luj\u00e1n es un evento que realizamos con mucho amor y dedicaci\u00f3n con la expectativa de que eso se refleje en esta jornada tan especial. Les deseo que pasen un d\u00eda hermoso, que puedan disfrutar y compartir, y que se lleven el mejor de los recuerdos\u201d, se\u00f1al\u00f3 el Intendente Leonardo Boto en la apertura de las actividades.<\/p>\n<p>Las actividades tuvieron comienzo con la recepci\u00f3n de delegaciones y continuaron con un desayuno compartido.<\/p>\n<p>Las competencias incluyeron m\u00e1s de 23 disciplinas deportivas y culturales, incluyendo Pesca, Paddle, Caminata, Pentatl\u00f3n, Newcom, Taba, Sapo, Escoba de 15, Mus, Truco, Ajedrez, Damas, Chin Chon, Loter\u00eda, Tenis de mesa, F\u00fatbol tenis, Tejo, Pintura, Dibujo, Danzas Folcl\u00f3ricas, Danza de Tango, Solista vocal Folclore y Solista vocal Tango.<\/p>\n<p><a href=\"https:\/\/diariodelujan.com\/wp-content\/uploads\/2025\/05\/Olimpiadas-Virgen-de-Lujan.webp\"><img loading=\"lazy\" decoding=\"async\" class=\"alignnone size-full wp-image-28083\" src=\"https:\/\/diariodelujan.com\/wp-content\/uploads\/2025\/05\/Olimpiadas-Virgen-de-Lujan.webp\" alt=\"Olimpiadas Virgen de Luj\u00e1n\" width=\"900\" height=\"557\" title=\"\"><\/a><\/p>\n<p>\u201cQuiero felicitar a todos los que trabajaron para llevar adelante esta jornada verdaderamente multitudinaria, que genera un espacio de encuentro y socializaci\u00f3n para cientos de personas mayores de toda la regi\u00f3n. Tambi\u00e9n quiero agradecer a los municipios participantes, que se han sumado a la propuesta y han hecho un esfuerzo importante para trasladar a sus delegaciones. Ojal\u00e1 la pasen todos muy bien\u201d, expres\u00f3 por su parte el Secretario de Desarrollo Humano del Municipio.<\/p>\n<h3><strong>Los distritos que participaron de esta olimp\u00edadas son: <\/strong><\/h3>\n<p>Luj\u00e1n, Mercedes, General Rodr\u00edguez, Navarro, San Andr\u00e9s Giles, San Fernando, Ca\u00f1uelas, Suipacha, Marcos Paz, Las Heras, Lobos, Exaltaci\u00f3n de la Cruz, Campana, San Vicente, Carmen de Areco, Vicente L\u00f3pez, Arrecifes, Baradero, Avellaneda, Ituzaing\u00f3 y Moreno.<\/p>\n<p>Al finalizar la jornada, que tambi\u00e9n incluy\u00f3 un almuerzo, se realiz\u00f3 la entrega de <a href=\"https:\/\/diariodelujan.com\/premios-ada-slot\/\">premios<\/a> a los ganadores de cada disciplina y se entregaron distinciones a las delegaciones<strong> \u201cm\u00e1s divertidas\u201d<\/strong>.<\/p>\n<p>Adem\u00e1s, por primera vez en la historia de las Olimpiadas, las actividades fueron transmitidas por la Radio P\u00fablica.<\/p>\n","protected":false},"excerpt":{"rendered":"<p>Con la participaci\u00f3n de m\u00e1s de 2500 personas mayores de 23 distritos de la provincia, este jueves se disput\u00f3 la Etapa Final de las Olimp\u00edadas Virgen de Luj\u00e1n en las instalaciones del Club N\u00e1utico \u201cEl Tim\u00f3n\u201d.<\/p>\n","protected":false},"author":4,"featured_media":16112,"comment_status":"closed","ping_status":"closed","sticky":false,"template":"","format":"standard","meta":{"tdm_status":"","tdm_grid_status":"","footnotes":""},"categories":[17,2],"tags":[464,262,434],"class_list":{"0":"post-16110","1":"post","2":"type-post","3":"status-publish","4":"format-standard","5":"has-post-thumbnail","7":"category-deportes","8":"category-featured","9":"tag-adultos-mayores","10":"tag-el-timon","11":"tag-olimpiadas"},"_links":{"self":[{"href":"https:\/\/diariodelujan.com\/xdeporte\/wp-json\/wp\/v2\/posts\/16110","targetHints":{"allow":["GET"]}}],"collection":[{"href":"https:\/\/diariodelujan.com\/xdeporte\/wp-json\/wp\/v2\/posts"}],"about":[{"href":"https:\/\/diariodelujan.com\/xdeporte\/wp-json\/wp\/v2\/types\/post"}],"author":[{"embeddable":true,"href":"https:\/\/diariodelujan.com\/xdeporte\/wp-json\/wp\/v2\/users\/4"}],"replies":[{"embeddable":true,"href":"https:\/\/diariodelujan.com\/xdeporte\/wp-json\/wp\/v2\/comments?post=16110"}],"version-history":[{"count":1,"href":"https:\/\/diariodelujan.com\/xdeporte\/wp-json\/wp\/v2\/posts\/16110\/revisions"}],"predecessor-version":[{"id":16111,"href":"https:\/\/diariodelujan.com\/xdeporte\/wp-json\/wp\/v2\/posts\/16110\/revisions\/16111"}],"wp:featuredmedia":[{"embeddable":true,"href":"https:\/\/diariodelujan.com\/xdeporte\/wp-json\/wp\/v2\/media\/16112"}],"wp:attachment":[{"href":"https:\/\/diariodelujan.com\/xdeporte\/wp-json\/wp\/v2\/media?parent=16110"}],"wp:term":[{"taxonomy":"category","embeddable":true,"href":"https:\/\/diariodelujan.com\/xdeporte\/wp-json\/wp\/v2\/categories?post=16110"},{"taxonomy":"post_tag","embeddable":true,"href":"https:\/\/diariodelujan.com\/xdeporte\/wp-json\/wp\/v2\/tags?post=16110"}],"curies":[{"name":"wp","href":"https:\/\/api.w.org\/{rel}","templated":true}]}}