{"id":16113,"date":"2025-05-16T13:06:13","date_gmt":"2025-05-16T16:06:13","guid":{"rendered":"https:\/\/diariodelujan.com\/xdeporte\/?p=16113"},"modified":"2025-05-16T13:06:13","modified_gmt":"2025-05-16T16:06:13","slug":"copa-federacion-de-automodelismo","status":"publish","type":"post","link":"https:\/\/diariodelujan.com\/xdeporte\/copa-federacion-de-automodelismo\/","title":{"rendered":"Carreira gan\u00f3 en la 2\u00b0 fecha de la Copa Federaci\u00f3n de automodelismo"},"content":{"rendered":"<p><span style=\"font-family: georgia, palatino, serif; font-size: 14pt;\"><em>Impresionante triunfo de Mauro Carreira en la 2da fecha de la Copa Federaci\u00f3n para el Grupo 12 realizado en la pista de ACAL (Amigos del Automodelismo Luj\u00e1n)<\/em><\/span><\/p>\n<p><!--more--><\/p>\n<p>De movida en la largada y hasta el fin de la competencia el eximio piloto preparador &#8211; uno de los m\u00e1s activos y calificados del pa\u00eds &#8211; obtuvo ventajas que le permitieron una carrera tranquila con un resultado por dem\u00e1s importante.<\/p>\n<p><a href=\"https:\/\/diariodelujan.com\/xdeporte\/wp-content\/uploads\/2025\/05\/Copa-Federacion-3.webp\"><img loading=\"lazy\" decoding=\"async\" class=\"alignnone size-full wp-image-16118\" src=\"https:\/\/diariodelujan.com\/xdeporte\/wp-content\/uploads\/2025\/05\/Copa-Federacion-3.webp\" alt=\"Copa Federaci\u00f3n de automodelismo\" width=\"900\" height=\"617\" title=\"\" srcset=\"https:\/\/diariodelujan.com\/xdeporte\/wp-content\/uploads\/2025\/05\/Copa-Federacion-3.webp 900w, https:\/\/diariodelujan.com\/xdeporte\/wp-content\/uploads\/2025\/05\/Copa-Federacion-3-300x206.webp 300w, https:\/\/diariodelujan.com\/xdeporte\/wp-content\/uploads\/2025\/05\/Copa-Federacion-3-768x527.webp 768w, https:\/\/diariodelujan.com\/xdeporte\/wp-content\/uploads\/2025\/05\/Copa-Federacion-3-613x420.webp 613w, https:\/\/diariodelujan.com\/xdeporte\/wp-content\/uploads\/2025\/05\/Copa-Federacion-3-218x150.webp 218w, https:\/\/diariodelujan.com\/xdeporte\/wp-content\/uploads\/2025\/05\/Copa-Federacion-3-696x477.webp 696w\" sizes=\"auto, (max-width: 900px) 100vw, 900px\" \/><\/a><\/p>\n<h3><span style=\"font-family: georgia, palatino, serif; font-size: 14pt;\"><strong>El podio de la fecha 2 en la\u00a0 Copa Federaci\u00f3n<\/strong><\/span><\/h3>\n<p>Carreira redonde\u00f3 288.77 vtas. al final de la carrera siendo el 2do clasificado en la final el experimentado Alberto Pinotti de muy buena faena en pista y boxes<\/p>\n<p>Mientras tanto en tercer lugar cerr\u00f3 su participaci\u00f3n con 275.75 David L\u00f3pez que viene recuperando posiciones en las \u00faltimas presentaciones logrando en \u00e9sta, el \u00faltimo escal\u00f3n del podio de notables. Felicitaciones al podio y a todos los participantes que, con su presencia jerarquizan la copa, la pista y apoyan el crecimiento del automodelismo slot.<\/p>\n<p><a href=\"https:\/\/diariodelujan.com\/xdeporte\/wp-content\/uploads\/2025\/05\/Copa-Federacion-1.webp\"><img loading=\"lazy\" decoding=\"async\" class=\"alignnone size-full wp-image-16116\" src=\"https:\/\/diariodelujan.com\/xdeporte\/wp-content\/uploads\/2025\/05\/Copa-Federacion-1.webp\" alt=\"Copa Federaci\u00f3n\" width=\"900\" height=\"480\" title=\"\" srcset=\"https:\/\/diariodelujan.com\/xdeporte\/wp-content\/uploads\/2025\/05\/Copa-Federacion-1.webp 900w, https:\/\/diariodelujan.com\/xdeporte\/wp-content\/uploads\/2025\/05\/Copa-Federacion-1-300x160.webp 300w, https:\/\/diariodelujan.com\/xdeporte\/wp-content\/uploads\/2025\/05\/Copa-Federacion-1-768x410.webp 768w, https:\/\/diariodelujan.com\/xdeporte\/wp-content\/uploads\/2025\/05\/Copa-Federacion-1-788x420.webp 788w, https:\/\/diariodelujan.com\/xdeporte\/wp-content\/uploads\/2025\/05\/Copa-Federacion-1-696x371.webp 696w\" sizes=\"auto, (max-width: 900px) 100vw, 900px\" \/><\/a><\/p>\n<p>El valioso 4to puesto fue para Luis Brescia con un total de 257.38 giros.<\/p>\n<p>5to arrib\u00f3 el local Lautaro Etchetto, con un auto que no acompa\u00f1\u00f3 (255.94), 6to el de Arrecifes Oscar Difalcis que esta vez complet\u00f3 las 254.99 vtas, , 7mo Francisco Brescia con una marca de 188 giros, 8vo el piloto de Carmen de Areco, Cesar Ceballos con algunos problemas en su unidad completando 53 vtas 9no reclasificado Mario Alberti.<\/p>\n<p><a href=\"https:\/\/diariodelujan.com\/xdeporte\/wp-content\/uploads\/2025\/05\/Copa-Federacion-4.webp\"><img loading=\"lazy\" decoding=\"async\" class=\"alignnone size-full wp-image-16119\" src=\"https:\/\/diariodelujan.com\/xdeporte\/wp-content\/uploads\/2025\/05\/Copa-Federacion-4.webp\" alt=\"Copa Federaci\u00f3n\" width=\"900\" height=\"575\" title=\"\" srcset=\"https:\/\/diariodelujan.com\/xdeporte\/wp-content\/uploads\/2025\/05\/Copa-Federacion-4.webp 900w, https:\/\/diariodelujan.com\/xdeporte\/wp-content\/uploads\/2025\/05\/Copa-Federacion-4-300x192.webp 300w, https:\/\/diariodelujan.com\/xdeporte\/wp-content\/uploads\/2025\/05\/Copa-Federacion-4-768x491.webp 768w, https:\/\/diariodelujan.com\/xdeporte\/wp-content\/uploads\/2025\/05\/Copa-Federacion-4-657x420.webp 657w, https:\/\/diariodelujan.com\/xdeporte\/wp-content\/uploads\/2025\/05\/Copa-Federacion-4-696x445.webp 696w\" sizes=\"auto, (max-width: 900px) 100vw, 900px\" \/><\/a><\/p>\n<p>En la categor\u00eda Koford\/Pros Lot G12 gan\u00f3 Javier Etchetto con 275.36 mientras que el 2do fue Javier Braiotta con 243.59 vtas<\/p>\n<p>Excelente organizaci\u00f3n, muy buen parque de autos y pilotos, la pista excepcionalmente presentada, una Copa Federaci\u00f3n G 12 que en su primera edici\u00f3n ya tiene un creciente prestigio, son aristas para destacar.<\/p>\n<p><strong><a href=\"https:\/\/autoshowslot.blogspot.com\/\" target=\"_blank\" rel=\"noopener\"><em>Nota Ricardo Vega<\/em><\/a><\/strong><br \/>\n<strong><em>Servicio de prensa<\/em><\/strong><br \/>\n<strong><em>Tel 67036196<\/em><\/strong><\/p>\n","protected":false},"excerpt":{"rendered":"<p>Impresionante triunfo de Mauro Carreira en la 2da fecha de la Copa Federaci\u00f3n para el Grupo 12 realizado en la pista de ACAL (Amigos del Automodelismo Luj\u00e1n)<\/p>\n","protected":false},"author":4,"featured_media":16117,"comment_status":"closed","ping_status":"closed","sticky":false,"template":"","format":"standard","meta":{"tdm_status":"","tdm_grid_status":"","footnotes":""},"categories":[20,2],"tags":[19,465],"class_list":{"0":"post-16113","1":"post","2":"type-post","3":"status-publish","4":"format-standard","5":"has-post-thumbnail","7":"category-automodelismo","8":"category-featured","9":"tag-automodelismo","10":"tag-copa-federacion"},"_links":{"self":[{"href":"https:\/\/diariodelujan.com\/xdeporte\/wp-json\/wp\/v2\/posts\/16113","targetHints":{"allow":["GET"]}}],"collection":[{"href":"https:\/\/diariodelujan.com\/xdeporte\/wp-json\/wp\/v2\/posts"}],"about":[{"href":"https:\/\/diariodelujan.com\/xdeporte\/wp-json\/wp\/v2\/types\/post"}],"author":[{"embeddable":true,"href":"https:\/\/diariodelujan.com\/xdeporte\/wp-json\/wp\/v2\/users\/4"}],"replies":[{"embeddable":true,"href":"https:\/\/diariodelujan.com\/xdeporte\/wp-json\/wp\/v2\/comments?post=16113"}],"version-history":[{"count":4,"href":"https:\/\/diariodelujan.com\/xdeporte\/wp-json\/wp\/v2\/posts\/16113\/revisions"}],"predecessor-version":[{"id":16121,"href":"https:\/\/diariodelujan.com\/xdeporte\/wp-json\/wp\/v2\/posts\/16113\/revisions\/16121"}],"wp:featuredmedia":[{"embeddable":true,"href":"https:\/\/diariodelujan.com\/xdeporte\/wp-json\/wp\/v2\/media\/16117"}],"wp:attachment":[{"href":"https:\/\/diariodelujan.com\/xdeporte\/wp-json\/wp\/v2\/media?parent=16113"}],"wp:term":[{"taxonomy":"category","embeddable":true,"href":"https:\/\/diariodelujan.com\/xdeporte\/wp-json\/wp\/v2\/categories?post=16113"},{"taxonomy":"post_tag","embeddable":true,"href":"https:\/\/diariodelujan.com\/xdeporte\/wp-json\/wp\/v2\/tags?post=16113"}],"curies":[{"name":"wp","href":"https:\/\/api.w.org\/{rel}","templated":true}]}}