{"id":16122,"date":"2025-05-19T18:35:07","date_gmt":"2025-05-19T21:35:07","guid":{"rendered":"https:\/\/diariodelujan.com\/xdeporte\/?p=16122"},"modified":"2025-05-19T18:37:16","modified_gmt":"2025-05-19T21:37:16","slug":"el-lujanero-visita-rosario","status":"publish","type":"post","link":"https:\/\/diariodelujan.com\/xdeporte\/el-lujanero-visita-rosario\/","title":{"rendered":"El Lujanero visita Rosario con la intenci\u00f3n de recuperar la punta"},"content":{"rendered":"<p><span style=\"font-family: georgia, palatino, serif; font-size: 14pt;\"><em>Este martes, <a href=\"https:\/\/www.facebook.com\/www.clublujan.com.ar\" target=\"_blank\" rel=\"noopener\">el Lujanero<\/a> enfrenta un nuevo desaf\u00edo en su lucha por ser protagonista en la Primera C. El rival de turno ser\u00e1 Argentino de Rosario, en un duelo clave en el desarrollo del torneo.<\/em><\/span><\/p>\n<p><!--more--><\/p>\n<p>El <em>Lujanero<\/em> llega a este encuentro tras la pol\u00e9mica <a href=\"https:\/\/diariodelujan.com\/xdeporte\/el-lujanero-perdio-la-punta\/\" target=\"_blank\" rel=\"noopener\">derrota ante Camioneros<\/a> en el 1\u00b0 de Abril. Este martes a las 15:30, buscar\u00e1 recuperar la punta y para ello deber\u00e1 ganarle a Argentino en su casa.<\/p>\n<h3><span style=\"font-size: 14pt;\"><strong>El presente del <em>Lujanero<\/em><\/strong><\/span><\/h3>\n<p>Los dirigidos por Fredes llegan a este compromiso ubicados segundos en la tabla. Aunque el camino ha sido irregular por momentos, el <em>Lujanero<\/em> ha mostrado solidez defensiva y un crecimiento paulatino en lo futbol\u00edstico y el aporte colectivo de un plantel comprometido.<\/p>\n<p>A su vez, Camioneros, rival directo de Luj\u00e1n, recibe en casa a Atlas. Por eso, la necesidad de sumar fuera de casa es clave para recuperar el primer lugar.<\/p>\n<h3><span style=\"font-size: 14pt;\"><strong>Argentino de Rosario y una sequ\u00eda de triunfos<\/strong><\/span><\/h3>\n<p>El <em>Sala\u00edto<\/em> no ha cosechado victorias desde hace tres fechas. Si bien sus \u00faltimos resultados no fueron malos, Argentino intentar\u00e1 capitalizar la local\u00eda para sorprender a los de la Bas\u00edlica.<\/p>\n<h3><span style=\"font-size: 14pt;\"><strong>Historial reciente<\/strong><\/span><\/h3>\n<p>Los \u00faltimos dos enfrentamientos entre Luj\u00e1n y Argentino de Rosario han resultado en triunfos para el <em>Lujanero<\/em> en ambas ocasiones: 2-1 a favor, tanto de local como de visitante.<\/p>\n","protected":false},"excerpt":{"rendered":"<p>Este martes, el Lujanero enfrenta un nuevo desaf\u00edo en su lucha por ser protagonista en la Primera C. El rival de turno ser\u00e1 Argentino de Rosario, en un duelo clave en el desarrollo del torneo.<\/p>\n","protected":false},"author":3,"featured_media":15143,"comment_status":"closed","ping_status":"closed","sticky":false,"template":"","format":"standard","meta":{"tdm_status":"","tdm_grid_status":"","footnotes":""},"categories":[2,8],"tags":[244,173,117,184,130],"class_list":{"0":"post-16122","1":"post","2":"type-post","3":"status-publish","4":"format-standard","5":"has-post-thumbnail","7":"category-featured","8":"category-futbol","9":"tag-argentino-rosario","10":"tag-futbol","11":"tag-lujan","12":"tag-lujanero","13":"tag-primera-c"},"_links":{"self":[{"href":"https:\/\/diariodelujan.com\/xdeporte\/wp-json\/wp\/v2\/posts\/16122","targetHints":{"allow":["GET"]}}],"collection":[{"href":"https:\/\/diariodelujan.com\/xdeporte\/wp-json\/wp\/v2\/posts"}],"about":[{"href":"https:\/\/diariodelujan.com\/xdeporte\/wp-json\/wp\/v2\/types\/post"}],"author":[{"embeddable":true,"href":"https:\/\/diariodelujan.com\/xdeporte\/wp-json\/wp\/v2\/users\/3"}],"replies":[{"embeddable":true,"href":"https:\/\/diariodelujan.com\/xdeporte\/wp-json\/wp\/v2\/comments?post=16122"}],"version-history":[{"count":2,"href":"https:\/\/diariodelujan.com\/xdeporte\/wp-json\/wp\/v2\/posts\/16122\/revisions"}],"predecessor-version":[{"id":16141,"href":"https:\/\/diariodelujan.com\/xdeporte\/wp-json\/wp\/v2\/posts\/16122\/revisions\/16141"}],"wp:featuredmedia":[{"embeddable":true,"href":"https:\/\/diariodelujan.com\/xdeporte\/wp-json\/wp\/v2\/media\/15143"}],"wp:attachment":[{"href":"https:\/\/diariodelujan.com\/xdeporte\/wp-json\/wp\/v2\/media?parent=16122"}],"wp:term":[{"taxonomy":"category","embeddable":true,"href":"https:\/\/diariodelujan.com\/xdeporte\/wp-json\/wp\/v2\/categories?post=16122"},{"taxonomy":"post_tag","embeddable":true,"href":"https:\/\/diariodelujan.com\/xdeporte\/wp-json\/wp\/v2\/tags?post=16122"}],"curies":[{"name":"wp","href":"https:\/\/api.w.org\/{rel}","templated":true}]}}