{"id":16131,"date":"2025-05-17T00:40:20","date_gmt":"2025-05-17T03:40:20","guid":{"rendered":"https:\/\/diariodelujan.com\/xdeporte\/?p=16131"},"modified":"2025-05-17T00:40:20","modified_gmt":"2025-05-17T03:40:20","slug":"lujan-y-flandria-postergados","status":"publish","type":"post","link":"https:\/\/diariodelujan.com\/xdeporte\/lujan-y-flandria-postergados\/","title":{"rendered":"Los partidos de Luj\u00e1n y Flandria postergados para el martes"},"content":{"rendered":"<p><span style=\"font-family: georgia, palatino, serif; font-size: 14pt;\"><em>La AFA decidi\u00f3 reprogramar dos encuentros claves para <a href=\"https:\/\/www.facebook.com\/ClubsydFlandria\" target=\"_blank\" rel=\"noopener\">Flandria<\/a> y <a href=\"https:\/\/www.facebook.com\/www.clublujan.com.ar\" target=\"_blank\" rel=\"noopener\">Luj\u00e1n<\/a> debido a las malas condiciones clim\u00e1ticas. Ambos partidos, originalmente pautados para este s\u00e1bado a las 15.30, fueron postergados y se disputar\u00e1n el pr\u00f3ximo martes en el mismo horario.<\/em><\/span><\/p>\n<p><!--more--><\/p>\n<h3><span style=\"font-size: 14pt;\"><strong>Lluvias que dejaron los encuentros postergados<\/strong><\/span><\/h3>\n<p>La fuerte inestabilidad clim\u00e1tica prevista para la regi\u00f3n oblig\u00f3 a la AFA a tomar una decisi\u00f3n preventiva: postergar varios partidos del f\u00fatbol de ascenso para resguardar la integridad de los protagonistas y el estado de los campos de juego. Entre los encuentros afectados se encuentran Flandria vs Argentino de Quilmes, por la 16\u00b0 fecha de la Primera B, y Argentino de Rosario vs Luj\u00e1n, correspondiente a la 11\u00b0 jornada de la Zona B de la Primera C.<\/p>\n<h3><span style=\"font-size: 14pt;\"><strong>Flandria buscar\u00e1 levantar en casa ante un rival encendido<\/strong><\/span><\/h3>\n<p>El <em>Canario<\/em> viene de <a href=\"https:\/\/diariodelujan.com\/xdeporte\/flandria-empato-en-campana\/\" target=\"_blank\" rel=\"noopener\">empatar 1 a 1 como visitante frente a Villa D\u00e1lmine<\/a> en la jornada anterior. Cristian Ludue\u00f1a fue el autor del gol del conjunto de J\u00e1uregui, aunque luego desperdici\u00f3 una chance clave al fallar un penal que pudo significar la victoria.<\/p>\n<p>El equipo dirigido por Sialle ocupa actualmente la 16\u00b0 posici\u00f3n en el Torneo Apertura de la Primera B, con 16 unidades. Enfrente estar\u00e1 Argentino de Quilmes, que atraviesa un buen presente: gole\u00f3 3-0 a F\u00e9nix y se ubica 5\u00b0 en la tabla con 22 puntos.<\/p>\n<p>El duelo, que estaba programado para este s\u00e1bado a las 15.30 en el estadio Carlos V, fue postergado por decisi\u00f3n de la AFA. La nueva fecha ser\u00e1 el martes, manteniendo el mismo horario y escenario.<\/p>\n<h3><span style=\"font-size: 14pt;\"><strong>Luj\u00e1n, a recomponerse tras la ca\u00edda y defender el segundo lugar<\/strong><\/span><\/h3>\n<p>Por su parte, el <em>Lujanero<\/em> viene de sufrir su <a href=\"https:\/\/diariodelujan.com\/xdeporte\/el-lujanero-perdio-la-punta\/\" target=\"_blank\" rel=\"noopener\">primera derrota en el certamen<\/a>. Fue 1 a 0 ante Deportivo Camioneros en condici\u00f3n de visitante, en un encuentro que marc\u00f3 la p\u00e9rdida del invicto y el liderazgo del grupo. El equipo de Santiago Fredes qued\u00f3 como escolta con 21 unidades, apenas por detr\u00e1s del <em>Cami\u00f3n<\/em>.<\/p>\n<p>Ahora, Luj\u00e1n deber\u00e1 visitar a Argentino de Rosario, cuarto en la tabla con 15 puntos. El equipo rosarino igual\u00f3 1 a 1 en su \u00faltima presentaci\u00f3n frente a Deportivo Paraguayo y buscar\u00e1 recortar distancias con los de la Bas\u00edlica.<\/p>\n<p>El encuentro tambi\u00e9n iba a jugarse el s\u00e1bado a las 15.30 en el Estadio Jos\u00e9 Mart\u00edn Olaeta, pero fue igualmente postergado para el martes, en id\u00e9ntico horario, debido a las lluvias intensas.<\/p>\n","protected":false},"excerpt":{"rendered":"<p>La AFA decidi\u00f3 reprogramar dos encuentros claves para Flandria y Luj\u00e1n debido a las malas condiciones clim\u00e1ticas. Ambos partidos, originalmente pautados para este s\u00e1bado a las 15.30, fueron postergados y se disputar\u00e1n el pr\u00f3ximo martes en el mismo horario.<\/p>\n","protected":false},"author":3,"featured_media":16132,"comment_status":"closed","ping_status":"closed","sticky":false,"template":"","format":"standard","meta":{"tdm_status":"","tdm_grid_status":"","footnotes":""},"categories":[2,8],"tags":[172,173,117,468],"class_list":{"0":"post-16131","1":"post","2":"type-post","3":"status-publish","4":"format-standard","5":"has-post-thumbnail","7":"category-featured","8":"category-futbol","9":"tag-flandria","10":"tag-futbol","11":"tag-lujan","12":"tag-postergados"},"_links":{"self":[{"href":"https:\/\/diariodelujan.com\/xdeporte\/wp-json\/wp\/v2\/posts\/16131","targetHints":{"allow":["GET"]}}],"collection":[{"href":"https:\/\/diariodelujan.com\/xdeporte\/wp-json\/wp\/v2\/posts"}],"about":[{"href":"https:\/\/diariodelujan.com\/xdeporte\/wp-json\/wp\/v2\/types\/post"}],"author":[{"embeddable":true,"href":"https:\/\/diariodelujan.com\/xdeporte\/wp-json\/wp\/v2\/users\/3"}],"replies":[{"embeddable":true,"href":"https:\/\/diariodelujan.com\/xdeporte\/wp-json\/wp\/v2\/comments?post=16131"}],"version-history":[{"count":1,"href":"https:\/\/diariodelujan.com\/xdeporte\/wp-json\/wp\/v2\/posts\/16131\/revisions"}],"predecessor-version":[{"id":16133,"href":"https:\/\/diariodelujan.com\/xdeporte\/wp-json\/wp\/v2\/posts\/16131\/revisions\/16133"}],"wp:featuredmedia":[{"embeddable":true,"href":"https:\/\/diariodelujan.com\/xdeporte\/wp-json\/wp\/v2\/media\/16132"}],"wp:attachment":[{"href":"https:\/\/diariodelujan.com\/xdeporte\/wp-json\/wp\/v2\/media?parent=16131"}],"wp:term":[{"taxonomy":"category","embeddable":true,"href":"https:\/\/diariodelujan.com\/xdeporte\/wp-json\/wp\/v2\/categories?post=16131"},{"taxonomy":"post_tag","embeddable":true,"href":"https:\/\/diariodelujan.com\/xdeporte\/wp-json\/wp\/v2\/tags?post=16131"}],"curies":[{"name":"wp","href":"https:\/\/api.w.org\/{rel}","templated":true}]}}