{"id":16152,"date":"2025-05-21T10:35:47","date_gmt":"2025-05-21T13:35:47","guid":{"rendered":"https:\/\/diariodelujan.com\/xdeporte\/?p=16152"},"modified":"2025-05-21T10:35:47","modified_gmt":"2025-05-21T13:35:47","slug":"solidaridad-y-deporte-hoy-por-ti","status":"publish","type":"post","link":"https:\/\/diariodelujan.com\/xdeporte\/solidaridad-y-deporte-hoy-por-ti\/","title":{"rendered":"Solidaridad y deporte: \u201cHoy por Ti\u201d llega a su 10\u00b0 edici\u00f3n"},"content":{"rendered":"<p><span style=\"font-family: georgia, palatino, serif; font-size: 14pt;\"><em>El 9 de julio se realizar\u00e1 la carrera de Solidaridad y deporte \u201cHoy por Ti\u201d de Argensun Foods, que forma parte del programa de impacto social, iniciativa que combina el deporte con la solidaridad.<\/em><\/span><\/p>\n<p><!--more--><\/p>\n<p>El ciclo de carreras solidarias m\u00e1s importante del pa\u00eds, impulsado por Argensun Foods, vuelve a Luj\u00e1n con su primera media marat\u00f3n en el mes de julio. Por primera vez, se suma a los tradicionales 5 km y 10 km la posibilidad de correr 21 km, la primera media marat\u00f3n, no solo del programa sino tambi\u00e9n de la ciudad.<\/p>\n<p>El mi\u00e9rcoles 9 de julio de 2025, Luj\u00e1n se prepara para recibir la 10\u00aa edici\u00f3n de la carrera solidaria \u201cHoy por Ti\u201d, organizada por<a href=\"https:\/\/www.argensun.com.ar\/\" target=\"_blank\" rel=\"noopener\"> Argensun Foods<\/a> y el Municipio de Luj\u00e1n. Por primera vez, se suma a los tradicionales 5 km y 10 km la posibilidad de correr 21 km, la primera media marat\u00f3n, no solo del programa sino tambi\u00e9n de la ciudad.<\/p>\n<p>Este a\u00f1o, \u201cHoy por Ti\u201d se celebrar\u00e1 en una fecha especial: el D\u00eda de la Independencia de Argentina. En esta edici\u00f3n, los participantes podr\u00e1n elegir entre tres modalidades: 5 km participativos, 10 km competitivos y 21 km, que prometen atraer a los corredores m\u00e1s experimentados.<\/p>\n<p>El costo de la inscripci\u00f3n var\u00eda seg\u00fan la modalidad elegida y se requiere colaborar con al menos 5 alimentos no perecederos, que ser\u00e1n destinados a organizaciones sociales locales. Todos los participantes recibir\u00e1n una medalla finisher al completar su distancia. En los 21 km, los mejores tiempos de cada categor\u00eda recibir\u00e1n premios en efectivo.<\/p>\n<p>Los interesados en participar pueden inscribirse en el siguiente enlace: Inscripci\u00f3n Hoy por Ti.<\/p>\n<p><a href=\"https:\/\/diariodelujan.com\/wp-content\/uploads\/2025\/05\/Argensun-Foods-Hoy-Por-ti-Lujan-2025.webp\"><img loading=\"lazy\" decoding=\"async\" class=\"alignnone size-full wp-image-28324\" src=\"https:\/\/diariodelujan.com\/wp-content\/uploads\/2025\/05\/Argensun-Foods-Hoy-Por-ti-Lujan-2025.webp\" alt=\"Solidaridad y deporte de Argensun Foods\" width=\"900\" height=\"1125\" title=\"\"><\/a><\/p>\n<h3><span style=\"font-size: 14pt; font-family: georgia, palatino, serif;\"><strong>Deporte y <a href=\"https:\/\/diariodelujan.com\/sangre-que-salva-una-colecta-universitaria\/\">solidaridad<\/a><\/strong><\/span><\/h3>\n<p>\u201cHoy por Ti responde a los pilares que sostenemos d\u00eda a d\u00eda: el compromiso, la solidaridad y el trabajo en equipo\u201d, afirm\u00f3 Pablo Tamburo, CEO de la compa\u00f1\u00eda, y agreg\u00f3: \u201cEs muy inspirador unirse con la comunidad a trav\u00e9s del deporte en esta causa solidaria que se consolida a\u00f1o tras a\u00f1o\u201d.<\/p>\n<p>El proyecto \u201cHoy por Ti\u201d naci\u00f3 en el a\u00f1o 2020 en plena emergencia sanitaria por la pandemia del covid-19. Desde entonces, y bajo diferentes modalidades de acci\u00f3n, el programa creci\u00f3 hasta llegar al formato de carreras solidarias, cuyo objetivo es recaudar alimentos no perecederos que se donan, en su totalidad, a instituciones solidarias de las ciudades en las que se desarrollan las carreras.<\/p>\n<h3><span style=\"font-family: georgia, palatino, serif; font-size: 14pt;\"><strong>El compromiso de Argensun Foods con el deporte y el impacto social<\/strong><\/span><\/h3>\n<p>\u00bfPor qu\u00e9 correr? Porque es una actividad que une la vida sana, el deporte, el trabajo en comunidad y los afectos. El deporte es un medio poderoso para unir a las personas, fortalecer la comunidad y contribuir al bienestar colectivo. A trav\u00e9s de<strong> \u201cHoy por Ti\u201d<\/strong>, Argensun Foods busca inspirar a m\u00e1s personas a unirse por una causa com\u00fan, mientras disfrutan de un d\u00eda activo y saludable. Con esta edici\u00f3n, la compa\u00f1\u00eda contin\u00faa consolid\u00e1ndose como un referente en el compromiso social y el apoyo a iniciativas que benefician a la sociedad en su conjunto.<\/p>\n","protected":false},"excerpt":{"rendered":"<p>El 9 de julio se realizar\u00e1 la carrera de Solidaridad y deporte \u201cHoy por Ti\u201d de Argensun Foods, que forma parte del programa de impacto social, iniciativa que combina el deporte con la solidaridad.<\/p>\n","protected":false},"author":4,"featured_media":16154,"comment_status":"closed","ping_status":"closed","sticky":false,"template":"","format":"standard","meta":{"tdm_status":"","tdm_grid_status":"","footnotes":""},"categories":[112,2],"tags":[397,265,61,474],"class_list":{"0":"post-16152","1":"post","2":"type-post","3":"status-publish","4":"format-standard","5":"has-post-thumbnail","7":"category-atletismo","8":"category-featured","9":"tag-argensun","10":"tag-atletismo","11":"tag-deportes","12":"tag-solidaridad"},"_links":{"self":[{"href":"https:\/\/diariodelujan.com\/xdeporte\/wp-json\/wp\/v2\/posts\/16152","targetHints":{"allow":["GET"]}}],"collection":[{"href":"https:\/\/diariodelujan.com\/xdeporte\/wp-json\/wp\/v2\/posts"}],"about":[{"href":"https:\/\/diariodelujan.com\/xdeporte\/wp-json\/wp\/v2\/types\/post"}],"author":[{"embeddable":true,"href":"https:\/\/diariodelujan.com\/xdeporte\/wp-json\/wp\/v2\/users\/4"}],"replies":[{"embeddable":true,"href":"https:\/\/diariodelujan.com\/xdeporte\/wp-json\/wp\/v2\/comments?post=16152"}],"version-history":[{"count":2,"href":"https:\/\/diariodelujan.com\/xdeporte\/wp-json\/wp\/v2\/posts\/16152\/revisions"}],"predecessor-version":[{"id":16155,"href":"https:\/\/diariodelujan.com\/xdeporte\/wp-json\/wp\/v2\/posts\/16152\/revisions\/16155"}],"wp:featuredmedia":[{"embeddable":true,"href":"https:\/\/diariodelujan.com\/xdeporte\/wp-json\/wp\/v2\/media\/16154"}],"wp:attachment":[{"href":"https:\/\/diariodelujan.com\/xdeporte\/wp-json\/wp\/v2\/media?parent=16152"}],"wp:term":[{"taxonomy":"category","embeddable":true,"href":"https:\/\/diariodelujan.com\/xdeporte\/wp-json\/wp\/v2\/categories?post=16152"},{"taxonomy":"post_tag","embeddable":true,"href":"https:\/\/diariodelujan.com\/xdeporte\/wp-json\/wp\/v2\/tags?post=16152"}],"curies":[{"name":"wp","href":"https:\/\/api.w.org\/{rel}","templated":true}]}}