{"id":16157,"date":"2025-05-23T23:21:34","date_gmt":"2025-05-24T02:21:34","guid":{"rendered":"https:\/\/diariodelujan.com\/xdeporte\/?p=16157"},"modified":"2025-05-24T17:51:32","modified_gmt":"2025-05-24T20:51:32","slug":"el-lujanero-visita-a-paraguayo","status":"publish","type":"post","link":"https:\/\/diariodelujan.com\/xdeporte\/el-lujanero-visita-a-paraguayo\/","title":{"rendered":"El Lujanero visita a Paraguayo por un duelo clave"},"content":{"rendered":"<p><span style=\"font-family: georgia, palatino, serif; font-size: 14pt;\"><em>Este s\u00e1bado, <a href=\"https:\/\/www.facebook.com\/www.clublujan.com.ar\" target=\"_blank\" rel=\"noopener\">el Lujanero<\/a> visitar\u00e1 a Deportivo Paraguayo en el partido correspondiente a la doceava fecha de la zona B de la Primera C del f\u00fatbol argentino.<\/em><\/span><\/p>\n<p><!--more--><\/p>\n<p>El encuentro entre el <em>Lujanero<\/em> y el <em>Guaran\u00ed<\/em>, que se juega desde las 15:30 horas de este s\u00e1bado, es clave para la visita, que pelea por el liderazgo de la zona.<\/p>\n<h3><span style=\"font-size: 14pt;\"><strong>Lujanero con hambre de protagonismo<\/strong><\/span><\/h3>\n<p>El conjunto dirigido por Santiago Fredes viene mostrando una evoluci\u00f3n constante en su juego colectivo, con una idea clara, presi\u00f3n alta y circulaci\u00f3n fluida del bal\u00f3n. En su \u00faltima presentaci\u00f3n, <a href=\"https:\/\/diariodelujan.com\/xdeporte\/el-lujanero-no-pudo-romper-el-0\/\" target=\"_blank\" rel=\"noopener\">Luj\u00e1n consigui\u00f3 un empate<\/a> sin goles frente a Argentino de Rosario.<\/p>\n<p>Con 22 puntos acumulados hasta el momento, Luj\u00e1n se encuentra a cuatro puntos del l\u00edder de la zona, y este encuentro se presenta como una oportunidad para recuperar terreno.<\/p>\n<h3><span style=\"font-size: 14pt;\"><strong>Deportivo Paraguayo: anfitri\u00f3n con urgencias<\/strong><\/span><\/h3>\n<p>El <em>Guaran\u00ed<\/em>, por su parte, transita un campeonato irregular. Se ubica \u00faltimo en la zona B con 6 puntos. Viene de caer ante Estrella del Sur y necesita una victoria que le devuelva confianza y lo saque del fondo de la tabla.<\/p>\n<h3><span style=\"font-size: 14pt;\"><strong>Historial reciente<\/strong><\/span><\/h3>\n<p>En el corto historial entre ambos, el <em>Lujanero<\/em> obtuvo triunfos en los \u00fanicos dos enfrentamientos transcurridos el a\u00f1o pasado. M\u00e1s espec\u00edficamente, fue victorioso 2-1 en casa y luego derrot\u00f3 a Paraguayo 2-0 como visitante.<\/p>\n","protected":false},"excerpt":{"rendered":"<p>Este s\u00e1bado, el Lujanero visitar\u00e1 a Deportivo Paraguayo en el partido correspondiente a la doceava fecha de la zona B de la Primera C del f\u00fatbol argentino.<\/p>\n","protected":false},"author":3,"featured_media":14413,"comment_status":"closed","ping_status":"closed","sticky":false,"template":"","format":"standard","meta":{"tdm_status":"","tdm_grid_status":"","footnotes":""},"categories":[8],"tags":[249,173,117,184,130],"class_list":{"0":"post-16157","1":"post","2":"type-post","3":"status-publish","4":"format-standard","5":"has-post-thumbnail","7":"category-futbol","8":"tag-deportivo-paraguayo","9":"tag-futbol","10":"tag-lujan","11":"tag-lujanero","12":"tag-primera-c"},"_links":{"self":[{"href":"https:\/\/diariodelujan.com\/xdeporte\/wp-json\/wp\/v2\/posts\/16157","targetHints":{"allow":["GET"]}}],"collection":[{"href":"https:\/\/diariodelujan.com\/xdeporte\/wp-json\/wp\/v2\/posts"}],"about":[{"href":"https:\/\/diariodelujan.com\/xdeporte\/wp-json\/wp\/v2\/types\/post"}],"author":[{"embeddable":true,"href":"https:\/\/diariodelujan.com\/xdeporte\/wp-json\/wp\/v2\/users\/3"}],"replies":[{"embeddable":true,"href":"https:\/\/diariodelujan.com\/xdeporte\/wp-json\/wp\/v2\/comments?post=16157"}],"version-history":[{"count":1,"href":"https:\/\/diariodelujan.com\/xdeporte\/wp-json\/wp\/v2\/posts\/16157\/revisions"}],"predecessor-version":[{"id":16158,"href":"https:\/\/diariodelujan.com\/xdeporte\/wp-json\/wp\/v2\/posts\/16157\/revisions\/16158"}],"wp:featuredmedia":[{"embeddable":true,"href":"https:\/\/diariodelujan.com\/xdeporte\/wp-json\/wp\/v2\/media\/14413"}],"wp:attachment":[{"href":"https:\/\/diariodelujan.com\/xdeporte\/wp-json\/wp\/v2\/media?parent=16157"}],"wp:term":[{"taxonomy":"category","embeddable":true,"href":"https:\/\/diariodelujan.com\/xdeporte\/wp-json\/wp\/v2\/categories?post=16157"},{"taxonomy":"post_tag","embeddable":true,"href":"https:\/\/diariodelujan.com\/xdeporte\/wp-json\/wp\/v2\/tags?post=16157"}],"curies":[{"name":"wp","href":"https:\/\/api.w.org\/{rel}","templated":true}]}}