{"id":16166,"date":"2025-05-24T18:24:18","date_gmt":"2025-05-24T21:24:18","guid":{"rendered":"https:\/\/diariodelujan.com\/xdeporte\/?p=16166"},"modified":"2025-05-24T18:24:18","modified_gmt":"2025-05-24T21:24:18","slug":"el-lujanero-perdio-con-el-ultimo","status":"publish","type":"post","link":"https:\/\/diariodelujan.com\/xdeporte\/el-lujanero-perdio-con-el-ultimo\/","title":{"rendered":"El Lujanero no pudo con el \u00faltimo de la tabla"},"content":{"rendered":"<p><span style=\"font-family: georgia, palatino, serif; font-size: 14pt;\"><em><a href=\"https:\/\/www.facebook.com\/www.clublujan.com.ar\" target=\"_blank\" rel=\"noopener\">El Lujanero<\/a> cay\u00f3 1-0 ante Deportivo Paraguayo en Gonz\u00e1lez Cat\u00e1n y se aleja de los puestos de vanguardia en la Zona B.<\/em><\/span><\/p>\n<p><!--more--><\/p>\n<p>Este s\u00e1bado por la tarde, en Gonz\u00e1lez Cat\u00e1n, el <em>Lujanero<\/em> volvi\u00f3 a quedarse con las manos vac\u00edas. En un partido chato, con pocas emociones y un campo de juego en condiciones muy desmejoradas, Luj\u00e1n cay\u00f3 1-0 frente a Deportivo Paraguayo y sum\u00f3 su <a href=\"https:\/\/diariodelujan.com\/xdeporte\/el-lujanero-perdio-la-punta\/\" target=\"_blank\" rel=\"noopener\">segunda derrota<\/a> en el campeonato de la Primera C, un resultado que lo aleja moment\u00e1neamente de la cima de la Zona B.<\/p>\n<p>M\u00e1s all\u00e1 del marcador, lo que m\u00e1s preocupa es el rendimiento. El equipo dirigido por Santiago Fredes fue incapaz de imponer condiciones ante un rival que llegaba con una sola victoria en once fechas y que encontr\u00f3 el triunfo casi por accidente, aprovechando una de las pocas situaciones claras que gener\u00f3 a lo largo del encuentro.<\/p>\n<h3><span style=\"font-size: 14pt;\"><strong>Un primer tiempo que anticip\u00f3 la monoton\u00eda<\/strong><\/span><\/h3>\n<p>El partido comenz\u00f3 con muchas imprecisiones y poco ritmo. El rect\u00e1ngulo de juego, visiblemente da\u00f1ado, conspir\u00f3 contra cualquier intento de fluidez, y el espect\u00e1culo se volvi\u00f3 predecible y lento. El <em>Lujanero<\/em> intent\u00f3 hacerse del bal\u00f3n, pero sus avances se dilu\u00edan r\u00e1pidamente.<\/p>\n<p>La primera jugada de peligro lleg\u00f3 por parte del local, cuando Zuccarino prob\u00f3 desde media distancia y oblig\u00f3 a Mat\u00edas Lescano a estirarse con una mano para enviar la pelota al c\u00f3rner. Del otro lado, Luj\u00e1n respondi\u00f3 con un centro bien dirigido de Eladio Ramos que encontr\u00f3 la cabeza de Juli\u00e1n Ford, cuyo remate pas\u00f3 apenas por encima del travesa\u00f1o. Esa fue, en esencia, la \u00fanica acci\u00f3n destacada del conjunto lujanense en la primera mitad.<\/p>\n<h3><span style=\"font-size: 14pt;\"><strong>El baldazo de agua fr\u00eda lleg\u00f3 al inicio del complemento<\/strong><\/span><\/h3>\n<p>La segunda mitad no pod\u00eda haber comenzado peor para el <em>Lujanero<\/em>. Apenas transcurrido el primer minuto, Rodrigo Dinocco encontr\u00f3 espacio por la banda y sac\u00f3 un remate cruzado que se meti\u00f3 junto al palo derecho de Lescano. Sin tiempo para acomodarse, Luj\u00e1n ya estaba en desventaja.<\/p>\n<p>Desde ese momento, Deportivo Paraguayo se refugi\u00f3 cerca de su \u00e1rea y apost\u00f3 a defender con u\u00f1as y dientes el 1-0. Luj\u00e1n tuvo el control del bal\u00f3n, pero ese dominio fue est\u00e9ril: no hubo creatividad en la mitad de la cancha ni claridad en los metros finales. Las imprecisiones en el pase, la falta de sorpresa y la escasa movilidad ofensiva hicieron que el arquero Rolando Herrera no tuviera demasiadas complicaciones.<\/p>\n<p>Eladio Ramos tuvo una chance clara de empatar, pero el destino le fue esquivo una vez m\u00e1s. La pelota se neg\u00f3 a entrar, y el tiempo, implacable, consumi\u00f3 cualquier intento de reacci\u00f3n.<\/p>\n<p>La derrota golpea fuerte al grupo. El <em>Lujanero<\/em> no solo dej\u00f3 pasar la posibilidad de sumar ante un rival accesible en los papeles, sino que adem\u00e1s mostr\u00f3 una imagen preocupante. Las ideas escasearon, el juego asociado estuvo ausente, y la defensa volvi\u00f3 a tener un lapsus fatal que termin\u00f3 definiendo el resultado.<\/p>\n<h3><span style=\"font-size: 14pt;\"><strong>Lo que viene: corregir, trabajar y levantar<\/strong><\/span><\/h3>\n<p>El <em>Lujanero<\/em> sigue siendo un equipo con potencial, pero necesita reencontrarse con su mejor versi\u00f3n. Para mantenerse con vida en la lucha por el ascenso, Luj\u00e1n deber\u00e1 mejorar en todas las l\u00edneas, recuperar la intensidad y, sobre todo, volver a creer en su juego.<\/p>\n<p>La pr\u00f3xima fecha ser\u00e1 crucial para dar vuelta la p\u00e1gina. Los de la banda recibir\u00e1n a Atlas en el 1\u00b0 de Abril, por la fecha 13.<\/p>\n","protected":false},"excerpt":{"rendered":"<p>El Lujanero cay\u00f3 1-0 ante Deportivo Paraguayo en Gonz\u00e1lez Cat\u00e1n y se aleja de los puestos de vanguardia en la Zona B.<\/p>\n","protected":false},"author":3,"featured_media":15714,"comment_status":"closed","ping_status":"closed","sticky":false,"template":"","format":"standard","meta":{"tdm_status":"","tdm_grid_status":"","footnotes":""},"categories":[2,8],"tags":[249,173,117,184,130],"class_list":{"0":"post-16166","1":"post","2":"type-post","3":"status-publish","4":"format-standard","5":"has-post-thumbnail","7":"category-featured","8":"category-futbol","9":"tag-deportivo-paraguayo","10":"tag-futbol","11":"tag-lujan","12":"tag-lujanero","13":"tag-primera-c"},"_links":{"self":[{"href":"https:\/\/diariodelujan.com\/xdeporte\/wp-json\/wp\/v2\/posts\/16166","targetHints":{"allow":["GET"]}}],"collection":[{"href":"https:\/\/diariodelujan.com\/xdeporte\/wp-json\/wp\/v2\/posts"}],"about":[{"href":"https:\/\/diariodelujan.com\/xdeporte\/wp-json\/wp\/v2\/types\/post"}],"author":[{"embeddable":true,"href":"https:\/\/diariodelujan.com\/xdeporte\/wp-json\/wp\/v2\/users\/3"}],"replies":[{"embeddable":true,"href":"https:\/\/diariodelujan.com\/xdeporte\/wp-json\/wp\/v2\/comments?post=16166"}],"version-history":[{"count":2,"href":"https:\/\/diariodelujan.com\/xdeporte\/wp-json\/wp\/v2\/posts\/16166\/revisions"}],"predecessor-version":[{"id":16168,"href":"https:\/\/diariodelujan.com\/xdeporte\/wp-json\/wp\/v2\/posts\/16166\/revisions\/16168"}],"wp:featuredmedia":[{"embeddable":true,"href":"https:\/\/diariodelujan.com\/xdeporte\/wp-json\/wp\/v2\/media\/15714"}],"wp:attachment":[{"href":"https:\/\/diariodelujan.com\/xdeporte\/wp-json\/wp\/v2\/media?parent=16166"}],"wp:term":[{"taxonomy":"category","embeddable":true,"href":"https:\/\/diariodelujan.com\/xdeporte\/wp-json\/wp\/v2\/categories?post=16166"},{"taxonomy":"post_tag","embeddable":true,"href":"https:\/\/diariodelujan.com\/xdeporte\/wp-json\/wp\/v2\/tags?post=16166"}],"curies":[{"name":"wp","href":"https:\/\/api.w.org\/{rel}","templated":true}]}}