{"id":16178,"date":"2025-05-25T21:56:01","date_gmt":"2025-05-26T00:56:01","guid":{"rendered":"https:\/\/diariodelujan.com\/xdeporte\/?p=16178"},"modified":"2025-05-25T21:56:01","modified_gmt":"2025-05-26T00:56:01","slug":"automodelismo-en-lujan","status":"publish","type":"post","link":"https:\/\/diariodelujan.com\/xdeporte\/automodelismo-en-lujan\/","title":{"rendered":"Automodelismo en Luj\u00e1n: Simonetti se llev\u00f3 una victoria clave en una jornada vibrante"},"content":{"rendered":"<p><span style=\"font-family: georgia, palatino, serif; font-size: 14pt;\"><em> Adri\u00e1n Simonetti se coron\u00f3 en una emocionante fecha del TC de ACAL en Luj\u00e1n. La competencia, cada vez m\u00e1s convocante, consolida al automodelismo como un cl\u00e1sico en el oeste bonaerense.<\/em><\/span><\/p>\n<p><!--more--><\/p>\n<p>Con un clima ideal, un parque de competidores en continuo crecimiento y una pista impecable, la Asociaci\u00f3n Corredores de Automodelismo Luj\u00e1n (ACAL) volvi\u00f3 a brillar en una jornada apasionante del TC, donde Adri\u00e1n Simonetti demostr\u00f3 una vez m\u00e1s su talento para llevarse una victoria fundamental en su camino hacia el campeonato.<\/p>\n<p>La pista ubicada en Venerando Rodr\u00edguez 113, a pasos de la Av. Carlos Pellegrini, fue el escenario de esta nueva fecha que convoc\u00f3 a los mejores exponentes del automodelismo del oeste y norte del Gran Buenos Aires. Desde temprano, el rugir de los peque\u00f1os motores y la precisi\u00f3n de cada maniobra anticipaban una competencia vibrante.<\/p>\n<p><a href=\"https:\/\/diariodelujan.com\/wp-content\/uploads\/2025\/05\/23-05-TC-G.webp\"><img loading=\"lazy\" decoding=\"async\" class=\"alignnone size-full wp-image-28540\" src=\"https:\/\/diariodelujan.com\/wp-content\/uploads\/2025\/05\/23-05-TC-G.webp\" alt=\"Automodelismo en Luj\u00e1n\" width=\"800\" height=\"473\" title=\"\"><\/a><\/p>\n<h3><strong>Un podio de alto nivel<\/strong><\/h3>\n<p>La clasificaci\u00f3n previa ya hab\u00eda dado muestras del nivel competitivo de la jornada. Horacio Ninkov se destac\u00f3 con una vuelta r\u00e1pida de 4.222, seguido muy de cerca por Maxi Naranjo (4.332) y el propio Simonetti (4.345). Pero en la carrera principal, el campe\u00f3n vigente sac\u00f3 a relucir su experiencia, completando 157.42 vueltas y qued\u00e1ndose con el primer lugar.<\/p>\n<p>Naranjo, oriundo de General Rodr\u00edguez, fue segundo con 154.99 giros, en una actuaci\u00f3n brillante que lo confirma como uno de los grandes protagonistas del certamen. El podio lo complet\u00f3 Ninkov, quien, pese a liderar la clasificaci\u00f3n, debi\u00f3 conformarse con el tercer lugar al finalizar con 152.96 vueltas.<\/p>\n<h3><strong>El automodelismo gana terreno en Luj\u00e1n<\/strong><\/h3>\n<p>El <a href=\"https:\/\/diariodelujan.com\/copa-federacion-de-automodelismo\/\">automodelismo<\/a> en Luj\u00e1n no deja de crecer. La fecha reuni\u00f3 a 14 pilotos, entre ellos representantes de localidades como General Rodr\u00edguez, Pilar y Moreno. La competencia fue intensa en cada serie, destac\u00e1ndose tambi\u00e9n nombres como Javier Etchetto (4\u00ba), Juan Delgado (5\u00ba) y Christian Melconian (6\u00ba), entre otros.<\/p>\n<p>Vale destacar el regreso de Dami\u00e1n Salvatierra, quien finaliz\u00f3 octavo, y la participaci\u00f3n del pilarense Norberto Sciaccaluga, que lamentablemente debi\u00f3 abandonar por un incidente cuando marchaba en tercera posici\u00f3n.<\/p>\n<div id='gallery-1' class='gallery galleryid-16178 gallery-columns-4 gallery-size-large'><figure class='gallery-item'>\n\t\t\t<div class='gallery-icon landscape'>\n\t\t\t\t<a href='https:\/\/diariodelujan.com\/xdeporte\/wp-content\/uploads\/2025\/05\/23-05-TC-B.webp'><img loading=\"lazy\" decoding=\"async\" width=\"696\" height=\"392\" src=\"https:\/\/diariodelujan.com\/xdeporte\/wp-content\/uploads\/2025\/05\/23-05-TC-B.webp\" class=\"attachment-large size-large\" alt=\"Automodelismo en Luj\u00e1n: Simonetti se llev\u00f3 una victoria clave en una jornada vibrante\" srcset=\"https:\/\/diariodelujan.com\/xdeporte\/wp-content\/uploads\/2025\/05\/23-05-TC-B.webp 800w, https:\/\/diariodelujan.com\/xdeporte\/wp-content\/uploads\/2025\/05\/23-05-TC-B-300x169.webp 300w, https:\/\/diariodelujan.com\/xdeporte\/wp-content\/uploads\/2025\/05\/23-05-TC-B-768x432.webp 768w, https:\/\/diariodelujan.com\/xdeporte\/wp-content\/uploads\/2025\/05\/23-05-TC-B-747x420.webp 747w, https:\/\/diariodelujan.com\/xdeporte\/wp-content\/uploads\/2025\/05\/23-05-TC-B-696x392.webp 696w\" sizes=\"auto, (max-width: 696px) 100vw, 696px\" title=\"\"><\/a>\n\t\t\t<\/div><\/figure><figure class='gallery-item'>\n\t\t\t<div class='gallery-icon landscape'>\n\t\t\t\t<a href='https:\/\/diariodelujan.com\/xdeporte\/wp-content\/uploads\/2025\/05\/23-05-TC-C-1.webp'><img loading=\"lazy\" decoding=\"async\" width=\"696\" height=\"391\" src=\"https:\/\/diariodelujan.com\/xdeporte\/wp-content\/uploads\/2025\/05\/23-05-TC-C-1.webp\" class=\"attachment-large size-large\" alt=\"Automodelismo en Luj\u00e1n\" srcset=\"https:\/\/diariodelujan.com\/xdeporte\/wp-content\/uploads\/2025\/05\/23-05-TC-C-1.webp 900w, https:\/\/diariodelujan.com\/xdeporte\/wp-content\/uploads\/2025\/05\/23-05-TC-C-1-300x169.webp 300w, https:\/\/diariodelujan.com\/xdeporte\/wp-content\/uploads\/2025\/05\/23-05-TC-C-1-768x432.webp 768w, https:\/\/diariodelujan.com\/xdeporte\/wp-content\/uploads\/2025\/05\/23-05-TC-C-1-747x420.webp 747w, https:\/\/diariodelujan.com\/xdeporte\/wp-content\/uploads\/2025\/05\/23-05-TC-C-1-696x391.webp 696w\" sizes=\"auto, (max-width: 696px) 100vw, 696px\" title=\"\"><\/a>\n\t\t\t<\/div><\/figure><figure class='gallery-item'>\n\t\t\t<div class='gallery-icon landscape'>\n\t\t\t\t<a href='https:\/\/diariodelujan.com\/xdeporte\/wp-content\/uploads\/2025\/05\/23-05-TC-D.webp'><img loading=\"lazy\" decoding=\"async\" width=\"696\" height=\"372\" src=\"https:\/\/diariodelujan.com\/xdeporte\/wp-content\/uploads\/2025\/05\/23-05-TC-D.webp\" class=\"attachment-large size-large\" alt=\"Automodelismo en Luj\u00e1n\" srcset=\"https:\/\/diariodelujan.com\/xdeporte\/wp-content\/uploads\/2025\/05\/23-05-TC-D.webp 800w, https:\/\/diariodelujan.com\/xdeporte\/wp-content\/uploads\/2025\/05\/23-05-TC-D-300x161.webp 300w, https:\/\/diariodelujan.com\/xdeporte\/wp-content\/uploads\/2025\/05\/23-05-TC-D-768x411.webp 768w, https:\/\/diariodelujan.com\/xdeporte\/wp-content\/uploads\/2025\/05\/23-05-TC-D-785x420.webp 785w, https:\/\/diariodelujan.com\/xdeporte\/wp-content\/uploads\/2025\/05\/23-05-TC-D-696x372.webp 696w\" sizes=\"auto, (max-width: 696px) 100vw, 696px\" title=\"\"><\/a>\n\t\t\t<\/div><\/figure><figure class='gallery-item'>\n\t\t\t<div class='gallery-icon landscape'>\n\t\t\t\t<a href='https:\/\/diariodelujan.com\/xdeporte\/wp-content\/uploads\/2025\/05\/23-05-TC-G.webp'><img loading=\"lazy\" decoding=\"async\" width=\"696\" height=\"412\" src=\"https:\/\/diariodelujan.com\/xdeporte\/wp-content\/uploads\/2025\/05\/23-05-TC-G.webp\" class=\"attachment-large size-large\" alt=\"Automodelismo en Luj\u00e1n: Simonetti se llev\u00f3 una victoria clave en una jornada vibrante\" srcset=\"https:\/\/diariodelujan.com\/xdeporte\/wp-content\/uploads\/2025\/05\/23-05-TC-G.webp 800w, https:\/\/diariodelujan.com\/xdeporte\/wp-content\/uploads\/2025\/05\/23-05-TC-G-300x177.webp 300w, https:\/\/diariodelujan.com\/xdeporte\/wp-content\/uploads\/2025\/05\/23-05-TC-G-768x454.webp 768w, https:\/\/diariodelujan.com\/xdeporte\/wp-content\/uploads\/2025\/05\/23-05-TC-G-710x420.webp 710w, https:\/\/diariodelujan.com\/xdeporte\/wp-content\/uploads\/2025\/05\/23-05-TC-G-696x412.webp 696w\" sizes=\"auto, (max-width: 696px) 100vw, 696px\" title=\"\"><\/a>\n\t\t\t<\/div><\/figure>\n\t\t<\/div>\n\n<h3><strong>Una pasi\u00f3n que se consolida<\/strong><\/h3>\n<p>Lo vivido en ACAL refleja el buen momento del automodelismo regional. Fecha a fecha, nuevos pilotos se suman a una disciplina que combina tecnolog\u00eda, estrategia y precisi\u00f3n, generando un espect\u00e1culo \u00fanico tanto para los participantes como para el p\u00fablico.<\/p>\n<p>La organizaci\u00f3n de la jornada fue impecable, y la atenci\u00f3n a la prensa especializada, digna de destacar. ACAL no solo crece en cantidad, sino tambi\u00e9n en calidad, consolid\u00e1ndose como un referente ineludible del automodelismo bonaerense.<\/p>\n<h3><strong>Sobre ACAL<\/strong><\/h3>\n<p>La Asociaci\u00f3n Corredores de Automodelismo Luj\u00e1n tiene una larga tradici\u00f3n en la promoci\u00f3n del automodelismo en la regi\u00f3n. Fundada con el objetivo de fomentar este apasionante deporte, se ha transformado en un semillero de talentos y en un punto de encuentro para entusiastas de todas las edades.<\/p>\n<p><strong>Con informaci\u00f3n de <a href=\"https:\/\/autoshowslot.blogspot.com\/\" target=\"_blank\" rel=\"noopener\">autoshowslot<\/a><\/strong><\/p>\n","protected":false},"excerpt":{"rendered":"<p>Adri\u00e1n Simonetti se coron\u00f3 en una emocionante fecha del TC de ACAL en Luj\u00e1n. La competencia, cada vez m\u00e1s convocante, consolida al automodelismo como un cl\u00e1sico en el oeste bonaerense.<\/p>\n","protected":false},"author":4,"featured_media":16179,"comment_status":"closed","ping_status":"closed","sticky":false,"template":"","format":"standard","meta":{"tdm_status":"","tdm_grid_status":"","footnotes":""},"categories":[20,2],"tags":[19,21],"class_list":{"0":"post-16178","1":"post","2":"type-post","3":"status-publish","4":"format-standard","5":"has-post-thumbnail","7":"category-automodelismo","8":"category-featured","9":"tag-automodelismo","10":"tag-slot"},"_links":{"self":[{"href":"https:\/\/diariodelujan.com\/xdeporte\/wp-json\/wp\/v2\/posts\/16178","targetHints":{"allow":["GET"]}}],"collection":[{"href":"https:\/\/diariodelujan.com\/xdeporte\/wp-json\/wp\/v2\/posts"}],"about":[{"href":"https:\/\/diariodelujan.com\/xdeporte\/wp-json\/wp\/v2\/types\/post"}],"author":[{"embeddable":true,"href":"https:\/\/diariodelujan.com\/xdeporte\/wp-json\/wp\/v2\/users\/4"}],"replies":[{"embeddable":true,"href":"https:\/\/diariodelujan.com\/xdeporte\/wp-json\/wp\/v2\/comments?post=16178"}],"version-history":[{"count":2,"href":"https:\/\/diariodelujan.com\/xdeporte\/wp-json\/wp\/v2\/posts\/16178\/revisions"}],"predecessor-version":[{"id":16185,"href":"https:\/\/diariodelujan.com\/xdeporte\/wp-json\/wp\/v2\/posts\/16178\/revisions\/16185"}],"wp:featuredmedia":[{"embeddable":true,"href":"https:\/\/diariodelujan.com\/xdeporte\/wp-json\/wp\/v2\/media\/16179"}],"wp:attachment":[{"href":"https:\/\/diariodelujan.com\/xdeporte\/wp-json\/wp\/v2\/media?parent=16178"}],"wp:term":[{"taxonomy":"category","embeddable":true,"href":"https:\/\/diariodelujan.com\/xdeporte\/wp-json\/wp\/v2\/categories?post=16178"},{"taxonomy":"post_tag","embeddable":true,"href":"https:\/\/diariodelujan.com\/xdeporte\/wp-json\/wp\/v2\/tags?post=16178"}],"curies":[{"name":"wp","href":"https:\/\/api.w.org\/{rel}","templated":true}]}}