{"id":16187,"date":"2025-05-25T22:42:29","date_gmt":"2025-05-26T01:42:29","guid":{"rendered":"https:\/\/diariodelujan.com\/xdeporte\/?p=16187"},"modified":"2025-05-25T22:44:13","modified_gmt":"2025-05-26T01:44:13","slug":"el-canario-cayo-3-0-ante-merlo","status":"publish","type":"post","link":"https:\/\/diariodelujan.com\/xdeporte\/el-canario-cayo-3-0-ante-merlo\/","title":{"rendered":"El Canario cay\u00f3 3-0 ante Argentino de Merlo y profundiza su mal momento"},"content":{"rendered":"<p><span style=\"font-family: georgia, palatino, serif; font-size: 14pt;\"><em>El Canario sufri\u00f3 otra derrota fuera de casa y acumula tres partidos sin ganar., cay\u00f3 3-0 ante Argentino de Merlo por la fecha 17 del torneo Apertura de la Primera B.<\/em><\/span><!--more--><\/p>\n<p><a href=\"https:\/\/clubflandria.com.ar\/\" target=\"_blank\" rel=\"noopener\">Flandria<\/a>, volvi\u00f3 a tropezar como visitante y cay\u00f3 por 3 a 0 ante Argentino de Merlo en el estadio Juan Carlos Brieva. El equipo de J\u00e1uregui no logra hacer pie fuera del Carlos V y acumula tres fechas sin triunfos, una racha que lo deja en la parte baja de la tabla de posiciones del torneo Apertura de la Primera B.<\/p>\n<p>El partido comenz\u00f3 con algunas insinuaciones ofensivas por parte del equipo dirigido por Arnaldo Sialle. Incluso, Gonzalo Salega tuvo una clara chance a trav\u00e9s de un tiro libre que fue salvado sobre la l\u00ednea. Sin embargo, la contundencia del local termin\u00f3 marcando la diferencia: a los 20 minutos del primer tiempo, Mat\u00edas Ledesma sorprendi\u00f3 con un golazo desde media distancia que se col\u00f3 en el \u00e1ngulo izquierdo de Tom\u00e1s Figueroa para abrir el marcador.<\/p>\n<p>A pesar de algunos intentos aislados por parte de Flandria, el primer tiempo se cerr\u00f3 con ventaja para el conjunto de Merlo. En el complemento, el Canario sali\u00f3 decidido a buscar la igualdad, pero nuevamente un zapatazo desde lejos \u2014esta vez de Alan Salvador\u2014 dej\u00f3 sin respuestas al arquero visitante y puso el 2 a 0 para la Academia.<\/p>\n<p>Ni siquiera la expulsi\u00f3n de Alejandro G\u00f3mez a los 13 minutos del segundo tiempo le permiti\u00f3 a Flandria cambiar el rumbo del encuentro. La falta de ideas ofensivas y la desorganizaci\u00f3n en el ataque fueron aprovechadas por el local, que liquid\u00f3 el partido desde el punto penal con un gol de Fernando Maldonado a los 32 minutos.<\/p>\n<p><a href=\"https:\/\/diariodelujan.com\/xdeporte\/wp-content\/uploads\/2025\/05\/flandria.jpg\"><img loading=\"lazy\" decoding=\"async\" class=\"alignnone size-full wp-image-16190\" src=\"https:\/\/diariodelujan.com\/xdeporte\/wp-content\/uploads\/2025\/05\/flandria.jpg\" alt=\"El canario cay\u00f3 ante Merlo\" width=\"814\" height=\"553\" title=\"\" srcset=\"https:\/\/diariodelujan.com\/xdeporte\/wp-content\/uploads\/2025\/05\/flandria.jpg 814w, https:\/\/diariodelujan.com\/xdeporte\/wp-content\/uploads\/2025\/05\/flandria-300x204.jpg 300w, https:\/\/diariodelujan.com\/xdeporte\/wp-content\/uploads\/2025\/05\/flandria-768x522.jpg 768w, https:\/\/diariodelujan.com\/xdeporte\/wp-content\/uploads\/2025\/05\/flandria-618x420.jpg 618w, https:\/\/diariodelujan.com\/xdeporte\/wp-content\/uploads\/2025\/05\/flandria-696x473.jpg 696w\" sizes=\"auto, (max-width: 814px) 100vw, 814px\" \/><\/a><\/p>\n<h3><strong><span style=\"font-size: 14pt;\">El preocupante presente del Canario<\/span><\/strong><\/h3>\n<p>Con esta nueva derrota, El Canario se mantiene entre los \u00faltimos puestos de la tabla y, si bien el torneo a\u00fan tiene camino por recorrer, la preocupaci\u00f3n crece en J\u00e1uregui. La falta de resultados, especialmente fuera de casa, impide que el equipo tome vuelo y recupere la identidad que lo llev\u00f3 a ser protagonista en otras temporadas.<\/p>\n<p>Flandria ven\u00eda de empatar sin goles ante Argentino de Quilmes y ya hab\u00eda mostrado dificultades para convertir y dominar los encuentros. La derrota frente a Argentino de Merlo, que ven\u00eda entonado tras vencer a F\u00e9nix, no solo fue un golpe en lo an\u00edmico, sino tambi\u00e9n en lo futbol\u00edstico, dejando al cuerpo t\u00e9cnico con la dif\u00edcil tarea de revertir el rumbo lo antes posible.<\/p>\n<p><strong>Un club con historia que busca volver a sus ra\u00edces<\/strong><\/p>\n<p>El Canario, apodo con el que se conoce al Club Social y Deportivo Flandria, representa a la localidad bonaerense de J\u00e1uregui, partido de Luj\u00e1n. Fundado en 1941, el club es parte del alma del pueblo, y a lo largo de los a\u00f1os ha sido protagonista en distintas categor\u00edas del f\u00fatbol argentino. Su apodo proviene del tradicional color amarillo de su camiseta, que remite al color del ave que lo representa.<\/p>\n<p>A pesar de las dificultades actuales, Flandria cuenta con una hinchada fiel y una rica historia que lo impulsa a seguir adelante. Desde su m\u00edtico estadio Carlos V hasta los j\u00f3venes talentos surgidos de su cantera, el Canario tiene todo para volver a levantar vuelo. Pero para eso, necesita reencontrarse con la victoria y recuperar la confianza tanto en casa como en condici\u00f3n de visitante.<\/p>\n<p><strong>Lo que viene<\/strong><\/p>\n<p>Flandria recibir\u00e1 en la pr\u00f3xima fecha a Brown de Adrogu\u00e9, con la obligaci\u00f3n de ganar para cortar la mala racha y recuperar terreno en la tabla. Ser\u00e1 una oportunidad crucial para que El Canario comience a construir una recuperaci\u00f3n que sus hinchas reclaman con pasi\u00f3n y esperanza.<\/p>\n","protected":false},"excerpt":{"rendered":"<p>El Canario sufri\u00f3 otra derrota fuera de casa y acumula tres partidos sin ganar., cay\u00f3 3-0 ante Argentino de Merlo por la fecha 17 del torneo Apertura de la Primera B.<\/p>\n","protected":false},"author":4,"featured_media":16189,"comment_status":"closed","ping_status":"closed","sticky":false,"template":"","format":"standard","meta":{"tdm_status":"","tdm_grid_status":"","footnotes":""},"categories":[2,8],"tags":[477,171,172],"class_list":{"0":"post-16187","1":"post","2":"type-post","3":"status-publish","4":"format-standard","5":"has-post-thumbnail","7":"category-featured","8":"category-futbol","9":"tag-arg-de-merlo","10":"tag-canario","11":"tag-flandria"},"_links":{"self":[{"href":"https:\/\/diariodelujan.com\/xdeporte\/wp-json\/wp\/v2\/posts\/16187","targetHints":{"allow":["GET"]}}],"collection":[{"href":"https:\/\/diariodelujan.com\/xdeporte\/wp-json\/wp\/v2\/posts"}],"about":[{"href":"https:\/\/diariodelujan.com\/xdeporte\/wp-json\/wp\/v2\/types\/post"}],"author":[{"embeddable":true,"href":"https:\/\/diariodelujan.com\/xdeporte\/wp-json\/wp\/v2\/users\/4"}],"replies":[{"embeddable":true,"href":"https:\/\/diariodelujan.com\/xdeporte\/wp-json\/wp\/v2\/comments?post=16187"}],"version-history":[{"count":4,"href":"https:\/\/diariodelujan.com\/xdeporte\/wp-json\/wp\/v2\/posts\/16187\/revisions"}],"predecessor-version":[{"id":16193,"href":"https:\/\/diariodelujan.com\/xdeporte\/wp-json\/wp\/v2\/posts\/16187\/revisions\/16193"}],"wp:featuredmedia":[{"embeddable":true,"href":"https:\/\/diariodelujan.com\/xdeporte\/wp-json\/wp\/v2\/media\/16189"}],"wp:attachment":[{"href":"https:\/\/diariodelujan.com\/xdeporte\/wp-json\/wp\/v2\/media?parent=16187"}],"wp:term":[{"taxonomy":"category","embeddable":true,"href":"https:\/\/diariodelujan.com\/xdeporte\/wp-json\/wp\/v2\/categories?post=16187"},{"taxonomy":"post_tag","embeddable":true,"href":"https:\/\/diariodelujan.com\/xdeporte\/wp-json\/wp\/v2\/tags?post=16187"}],"curies":[{"name":"wp","href":"https:\/\/api.w.org\/{rel}","templated":true}]}}