{"id":16219,"date":"2025-05-31T21:50:12","date_gmt":"2025-06-01T00:50:12","guid":{"rendered":"https:\/\/diariodelujan.com\/xdeporte\/?p=16219"},"modified":"2025-06-01T19:33:29","modified_gmt":"2025-06-01T22:33:29","slug":"el-lujanero-recibe-a-atlas","status":"publish","type":"post","link":"https:\/\/diariodelujan.com\/xdeporte\/el-lujanero-recibe-a-atlas\/","title":{"rendered":"El Lujanero recibe a Atlas con la necesidad de ganar"},"content":{"rendered":"<p><span style=\"font-family: georgia, palatino, serif; font-size: 14pt;\"><em>Este domingo, <a href=\"https:\/\/www.facebook.com\/www.clublujan.com.ar\" target=\"_blank\" rel=\"noopener\">Luj\u00e1n<\/a> recibe a Atlas en el estadio 1\u00b0 de Abril, en un partido clave para las aspiraciones del Lujanero en la temporada. Con el triunfo de Camioneros sobre Victoriano, Luj\u00e1n busca no perder el rastro al l\u00edder.<\/em><\/span><\/p>\n<p><!--more--><\/p>\n<p>Tras la <a href=\"https:\/\/diariodelujan.com\/xdeporte\/el-lujanero-perdio-con-el-ultimo\/\" target=\"_blank\" rel=\"noopener\">humillante derrota ante Paraguayo<\/a>, el <em>Lujanero<\/em> intentar\u00e1 recuperar la dignidad ante Atlas en el San Emilio, por la fecha 13 de la zona B de la Primera C.<\/p>\n<h3><span style=\"font-size: 14pt;\"><strong>El Lujanero quiere hacerse fuerte de local<\/strong><\/span><\/h3>\n<p>El equipo dirigido por Fredes llega a este compromiso con la firme intenci\u00f3n de hacerse fuerte en casa. El <em>Lujanero<\/em>, que ha demostrado solidez defensiva pero irregularidad en la generaci\u00f3n de juego ofensivo, buscar\u00e1 reencontrarse con la victoria y cortar una racha que ha sembrado algunas dudas en las \u00faltimas jornadas.<\/p>\n<p>Actualmente en segunda posici\u00f3n, Luj\u00e1n sabe que el margen de error se achica si quiere recuperar la punta. La local\u00eda ser\u00e1 clave, y el respaldo de su gente puede convertirse en ese factor an\u00edmico que incline la balanza. El DT ha trabajado en la semana para ajustar piezas en el mediocampo y afinar la definici\u00f3n, puntos que han sido flacos en los \u00faltimos encuentros.<\/p>\n<h3><span style=\"font-size: 14pt;\"><strong>Atlas, un rival con hambre de protagonismo<\/strong><\/span><\/h3>\n<p>En la vereda de enfrente estar\u00e1 Atlas, un equipo que ha ido alternando buenos partidos con tropiezos inesperados. El equipo de General Rodr\u00edguez llega al choque con la necesidad de sumar de a tres para no perderle pisada a los puestos de reducido.<\/p>\n<h3><span style=\"font-size: 14pt;\"><strong>Un historial cargado de paridad<\/strong><\/span><\/h3>\n<p>En el historial reciente entre Luj\u00e1n y Atlas se registra un triunfo para cada lado. El <em>Marr\u00f3n<\/em> gan\u00f3 por 1-0 en su visita al 1\u00b0 de Abril, mientras que el <em>Lujanero<\/em> sali\u00f3 victorioso por el mismo resultado cuando jug\u00f3 en General Rodr\u00edguez.<\/p>\n","protected":false},"excerpt":{"rendered":"<p>Este domingo, Luj\u00e1n recibe a Atlas en el estadio 1\u00b0 de Abril, en un partido clave para las aspiraciones del Lujanero en la temporada. Con el triunfo de Camioneros sobre Victoriano, Luj\u00e1n busca no perder el rastro al l\u00edder.<\/p>\n","protected":false},"author":3,"featured_media":15170,"comment_status":"closed","ping_status":"closed","sticky":false,"template":"","format":"standard","meta":{"tdm_status":"","tdm_grid_status":"","footnotes":""},"categories":[8],"tags":[362,173,117,184,130],"class_list":{"0":"post-16219","1":"post","2":"type-post","3":"status-publish","4":"format-standard","5":"has-post-thumbnail","7":"category-futbol","8":"tag-atlas","9":"tag-futbol","10":"tag-lujan","11":"tag-lujanero","12":"tag-primera-c"},"_links":{"self":[{"href":"https:\/\/diariodelujan.com\/xdeporte\/wp-json\/wp\/v2\/posts\/16219","targetHints":{"allow":["GET"]}}],"collection":[{"href":"https:\/\/diariodelujan.com\/xdeporte\/wp-json\/wp\/v2\/posts"}],"about":[{"href":"https:\/\/diariodelujan.com\/xdeporte\/wp-json\/wp\/v2\/types\/post"}],"author":[{"embeddable":true,"href":"https:\/\/diariodelujan.com\/xdeporte\/wp-json\/wp\/v2\/users\/3"}],"replies":[{"embeddable":true,"href":"https:\/\/diariodelujan.com\/xdeporte\/wp-json\/wp\/v2\/comments?post=16219"}],"version-history":[{"count":2,"href":"https:\/\/diariodelujan.com\/xdeporte\/wp-json\/wp\/v2\/posts\/16219\/revisions"}],"predecessor-version":[{"id":16221,"href":"https:\/\/diariodelujan.com\/xdeporte\/wp-json\/wp\/v2\/posts\/16219\/revisions\/16221"}],"wp:featuredmedia":[{"embeddable":true,"href":"https:\/\/diariodelujan.com\/xdeporte\/wp-json\/wp\/v2\/media\/15170"}],"wp:attachment":[{"href":"https:\/\/diariodelujan.com\/xdeporte\/wp-json\/wp\/v2\/media?parent=16219"}],"wp:term":[{"taxonomy":"category","embeddable":true,"href":"https:\/\/diariodelujan.com\/xdeporte\/wp-json\/wp\/v2\/categories?post=16219"},{"taxonomy":"post_tag","embeddable":true,"href":"https:\/\/diariodelujan.com\/xdeporte\/wp-json\/wp\/v2\/tags?post=16219"}],"curies":[{"name":"wp","href":"https:\/\/api.w.org\/{rel}","templated":true}]}}