{"id":16226,"date":"2025-06-03T12:03:46","date_gmt":"2025-06-03T15:03:46","guid":{"rendered":"https:\/\/diariodelujan.com\/xdeporte\/?p=16226"},"modified":"2025-06-03T12:05:02","modified_gmt":"2025-06-03T15:05:02","slug":"2-fecha-del-duatlon-ruta-y-mtb","status":"publish","type":"post","link":"https:\/\/diariodelujan.com\/xdeporte\/2-fecha-del-duatlon-ruta-y-mtb\/","title":{"rendered":"Llega la 2\u00b0 fecha del Duatl\u00f3n Ruta y MTB"},"content":{"rendered":"<p><span style=\"font-family: georgia, palatino, serif; font-size: 14pt;\"><em>Este domingo 8 de junio, la localidad de J\u00e1uregui ser\u00e1 sede de la segunda fecha del Campeonato de Duatl\u00f3n Ruta y MTB organizado por Lagos de Buenos Aires y Tu Tiempo Sport.<\/em><\/span><\/p>\n<p><!--more--><\/p>\n<p>Habr\u00e1 dos modalidades de participaci\u00f3n: por un lado, 6 KM de carrera, 30 KM de pedaleo y 3 KM de carrera (Sprint), y por el otro, 4 KM de carrera, 10 KM de pedaleo y 2 KM de carrera (S\u00faper Sprint). La competencia se desarrollar\u00e1 sobre el eje de las avenidas Presidente Ra\u00fal Alfons\u00edn (ex Alsina) y Flandes.<\/p>\n<h3><span style=\"font-size: 14pt;\"><strong>Segunda fecha del Duatl\u00f3n<\/strong><\/span><\/h3>\n<p>Con m\u00e1s de 200 inscriptos, las acreditaciones se realizar\u00e1n a partir de las 08:00 de la ma\u00f1ana en la plazoleta Barrio Obrero (frente al predio de la estaci\u00f3n de trenes), donde se instalar\u00e1 el Parque Cerrado. La largada est\u00e1 prevista a las 10:00 y la entrega de premios a las 13:00.<\/p>\n<p>Por el desarrollo de la carrera, habr\u00e1 un corte vehicular total en avenida Presidente Alfons\u00edn entre Pascual Simone y Castelli, entre las 10:00 y las 12:00 horas. Adem\u00e1s, habr\u00e1 cortes controlados en el paso a nivel de Rodizio y en todas las calles que atraviesan la avenida Flandes.<\/p>\n<p>El <strong>Campeonato de <a href=\"https:\/\/eventols.com\/p\/segunda-fecha-de-campeonato-de-duatlon-en-jauregui-lujan\" target=\"_blank\" rel=\"noopener\">Duatl\u00f3n Ruta y MTB<\/a> <\/strong>consta de cinco fechas e inici\u00f3 el pasado mes de mayo en Capit\u00e1n Sarmiento.<\/p>\n<p>Tras la fecha del pr\u00f3ximo domingo, habr\u00e1 competencias en julio en la localidad de Lima (Z\u00e1rate), en agosto nuevamente en Capit\u00e1n Sarmiento, para finalizar en septiembre en la ciudad de La Plata. Se tomar\u00e1n los puntajes de las tres mejores carreras para definir la clasificaci\u00f3n final.<\/p>\n","protected":false},"excerpt":{"rendered":"<p>Este domingo 8 de junio, la localidad de J\u00e1uregui ser\u00e1 sede de la segunda fecha del Campeonato de Duatl\u00f3n Ruta y MTB organizado por Lagos de Buenos Aires y Tu Tiempo Sport.<\/p>\n","protected":false},"author":4,"featured_media":16227,"comment_status":"closed","ping_status":"closed","sticky":false,"template":"","format":"standard","meta":{"tdm_status":"","tdm_grid_status":"","footnotes":""},"categories":[112,2],"tags":[265,61,309],"class_list":{"0":"post-16226","1":"post","2":"type-post","3":"status-publish","4":"format-standard","5":"has-post-thumbnail","7":"category-atletismo","8":"category-featured","9":"tag-atletismo","10":"tag-deportes","11":"tag-duatlon"},"_links":{"self":[{"href":"https:\/\/diariodelujan.com\/xdeporte\/wp-json\/wp\/v2\/posts\/16226","targetHints":{"allow":["GET"]}}],"collection":[{"href":"https:\/\/diariodelujan.com\/xdeporte\/wp-json\/wp\/v2\/posts"}],"about":[{"href":"https:\/\/diariodelujan.com\/xdeporte\/wp-json\/wp\/v2\/types\/post"}],"author":[{"embeddable":true,"href":"https:\/\/diariodelujan.com\/xdeporte\/wp-json\/wp\/v2\/users\/4"}],"replies":[{"embeddable":true,"href":"https:\/\/diariodelujan.com\/xdeporte\/wp-json\/wp\/v2\/comments?post=16226"}],"version-history":[{"count":2,"href":"https:\/\/diariodelujan.com\/xdeporte\/wp-json\/wp\/v2\/posts\/16226\/revisions"}],"predecessor-version":[{"id":16229,"href":"https:\/\/diariodelujan.com\/xdeporte\/wp-json\/wp\/v2\/posts\/16226\/revisions\/16229"}],"wp:featuredmedia":[{"embeddable":true,"href":"https:\/\/diariodelujan.com\/xdeporte\/wp-json\/wp\/v2\/media\/16227"}],"wp:attachment":[{"href":"https:\/\/diariodelujan.com\/xdeporte\/wp-json\/wp\/v2\/media?parent=16226"}],"wp:term":[{"taxonomy":"category","embeddable":true,"href":"https:\/\/diariodelujan.com\/xdeporte\/wp-json\/wp\/v2\/categories?post=16226"},{"taxonomy":"post_tag","embeddable":true,"href":"https:\/\/diariodelujan.com\/xdeporte\/wp-json\/wp\/v2\/tags?post=16226"}],"curies":[{"name":"wp","href":"https:\/\/api.w.org\/{rel}","templated":true}]}}