{"id":16316,"date":"2025-06-19T13:57:20","date_gmt":"2025-06-19T16:57:20","guid":{"rendered":"https:\/\/diariodelujan.com\/xdeporte\/?p=16316"},"modified":"2025-06-19T13:57:20","modified_gmt":"2025-06-19T16:57:20","slug":"llega-la-segunda-gran-oeste-trail","status":"publish","type":"post","link":"https:\/\/diariodelujan.com\/xdeporte\/llega-la-segunda-gran-oeste-trail\/","title":{"rendered":"Se correr\u00e1 la 2\u00b0 fecha del Circuito Gran Oeste Trail"},"content":{"rendered":"<p><span style=\"font-family: georgia, palatino, serif; font-size: 14pt;\"><em>Llega la segunda edici\u00f3n del circuito Gran Oeste Trail (GOT), una iniciativa atl\u00e9tica que se desarrollar\u00e1 este fin de semana en la localidad de Open Door.<\/em><\/span><\/p>\n<p><!--more--><\/p>\n<p>La localidad de Open Door ser\u00e1 sede de una fecha del Circuito Gran Oeste Trail (GOT), una importante competencia de <strong><a href=\"https:\/\/diariodelujan.com\/renovada-pista-de-atletismo-2\/\">atletismo<\/a> <\/strong>ene Cross Trail que se desarrolla en varios distritos de la zona oeste del Gran Buenos Aires.<\/p>\n<p>Transcurrida la primera fecha el mes pasado en Moreno, la segunda fecha se realizar\u00e1 en Open Door este s\u00e1bado 21, desde las 13:00 horas, organizada por Lagos de Buenos Aires y Lekip, con el apoyo del Municipio de Luj\u00e1n.<\/p>\n<p>La competencia incluye dos categor\u00edas de participaci\u00f3n: 5 y 15 km. El circuito propone senderismo y coastering.<\/p>\n<p>El horario de acreditaci\u00f3n es de 13:00 a 14:15 horas en el predio del <strong><a href=\"https:\/\/www.ms.gba.gov.ar\/sitios\/saludmental\/2021\/12\/27\/el-hospital-cabred-profundiza-su-transformacion-y-afianza-su-vinculo-con-la-comunidad\/\" target=\"_blank\" rel=\"noopener\">Hospital Interzonal Domingo Cabred<\/a><\/strong>, con acceso por avenida Domingo Cabred y calle Juan de Dios Filiberto. La largada tendr\u00e1 lugar a las 15:00 y la entrega de premios a las 18:00 horas.<\/p>\n<p>El Circuito Gran Oeste Trail continuar\u00e1 en los pr\u00f3ximos meses con fechas en las localidades de General Rodr\u00edguez y Merlo.<\/p>\n","protected":false},"excerpt":{"rendered":"<p>Llega la segunda edici\u00f3n del circuito Gran Oeste Trail (GOT), una iniciativa atl\u00e9tica que se desarrollar\u00e1 este fin de semana en la localidad de Open Door.<\/p>\n","protected":false},"author":4,"featured_media":16318,"comment_status":"closed","ping_status":"closed","sticky":false,"template":"","format":"standard","meta":{"tdm_status":"","tdm_grid_status":"","footnotes":""},"categories":[112,2],"tags":[265,484,485,486],"class_list":{"0":"post-16316","1":"post","2":"type-post","3":"status-publish","4":"format-standard","5":"has-post-thumbnail","7":"category-atletismo","8":"category-featured","9":"tag-atletismo","10":"tag-circuito","11":"tag-gran-oeste-trail","12":"tag-open-door"},"_links":{"self":[{"href":"https:\/\/diariodelujan.com\/xdeporte\/wp-json\/wp\/v2\/posts\/16316","targetHints":{"allow":["GET"]}}],"collection":[{"href":"https:\/\/diariodelujan.com\/xdeporte\/wp-json\/wp\/v2\/posts"}],"about":[{"href":"https:\/\/diariodelujan.com\/xdeporte\/wp-json\/wp\/v2\/types\/post"}],"author":[{"embeddable":true,"href":"https:\/\/diariodelujan.com\/xdeporte\/wp-json\/wp\/v2\/users\/4"}],"replies":[{"embeddable":true,"href":"https:\/\/diariodelujan.com\/xdeporte\/wp-json\/wp\/v2\/comments?post=16316"}],"version-history":[{"count":2,"href":"https:\/\/diariodelujan.com\/xdeporte\/wp-json\/wp\/v2\/posts\/16316\/revisions"}],"predecessor-version":[{"id":16319,"href":"https:\/\/diariodelujan.com\/xdeporte\/wp-json\/wp\/v2\/posts\/16316\/revisions\/16319"}],"wp:featuredmedia":[{"embeddable":true,"href":"https:\/\/diariodelujan.com\/xdeporte\/wp-json\/wp\/v2\/media\/16318"}],"wp:attachment":[{"href":"https:\/\/diariodelujan.com\/xdeporte\/wp-json\/wp\/v2\/media?parent=16316"}],"wp:term":[{"taxonomy":"category","embeddable":true,"href":"https:\/\/diariodelujan.com\/xdeporte\/wp-json\/wp\/v2\/categories?post=16316"},{"taxonomy":"post_tag","embeddable":true,"href":"https:\/\/diariodelujan.com\/xdeporte\/wp-json\/wp\/v2\/tags?post=16316"}],"curies":[{"name":"wp","href":"https:\/\/api.w.org\/{rel}","templated":true}]}}