{"id":16322,"date":"2025-06-20T21:19:13","date_gmt":"2025-06-21T00:19:13","guid":{"rendered":"https:\/\/diariodelujan.com\/xdeporte\/?p=16322"},"modified":"2025-06-21T17:38:21","modified_gmt":"2025-06-21T20:38:21","slug":"el-lujanero-recibe-a-canuelas","status":"publish","type":"post","link":"https:\/\/diariodelujan.com\/xdeporte\/el-lujanero-recibe-a-canuelas\/","title":{"rendered":"El Lujanero arranca la segunda mitad del torneo ante Ca\u00f1uelas"},"content":{"rendered":"<p><span style=\"font-family: georgia, palatino, serif; font-size: 14pt;\"><em>Este s\u00e1bado, <a href=\"https:\/\/www.facebook.com\/www.clublujan.com.ar\" target=\"_blank\" rel=\"noopener\">el Lujanero<\/a> arranca la segunda mitad del torneo de la Primera C, cuando reciba a Ca\u00f1uelas en el 1\u00b0 de Abril, a partir de las 15:30 hs.<\/em><\/span><\/p>\n<p><!--more--><\/p>\n<h3><span style=\"font-size: 14pt;\"><strong>Un nuevo comienzo para el Lujanero<\/strong><\/span><\/h3>\n<p>Despu\u00e9s de una primera mitad de temporada positiva, el <em>Lujanero<\/em> encara la segunda mitad con la intenci\u00f3n de recuperar y mantener el primer lugar.<\/p>\n<p>La consigna para esta nueva fase est\u00e1 clara: mejorar la eficacia en las \u00e1reas y sostener la intensidad en los 90 minutos. Luj\u00e1n mostr\u00f3 buenos pasajes de juego en el primer semestre, pero la falta de contundencia en los momentos clave le cost\u00f3 puntos importantes. Ahora, aspira a hacerse fuerte en casa y sumar desde el arranque.<\/p>\n<h3><span style=\"font-size: 14pt;\"><strong>El rival: Ca\u00f1uelas, un equipo duro y con experiencia<\/strong><\/span><\/h3>\n<p>Ca\u00f1uelas llega a este compromiso tambi\u00e9n con sed de revancha. El <em>Tambero<\/em> tuvo una campa\u00f1a irregular hasta ahora y apuesta a levantar su nivel para no quedar relegado en la pelea por el reducido. Este fin de semana intentar\u00e1 imponer su estilo y cortarle los circuitos al <em>Lujanero<\/em>.<\/p>\n<p>En sus \u00faltimas presentaciones, Ca\u00f1uelas mostr\u00f3 una defensa firme pero con dificultades en la creaci\u00f3n ofensiva, un aspecto que el cuerpo t\u00e9cnico busca corregir para esta etapa del certamen. Adem\u00e1s, el historial reciente entre ambos equipos marca un equilibrio, por lo que se espera un duelo parejo, trabado y con margen m\u00ednimo para el error.<\/p>\n<h3><span style=\"font-size: 14pt;\"><strong>El historial: paridad y partidos cerrados<\/strong><\/span><\/h3>\n<p>En el cruce del pasado 8 de marzo, <a href=\"https:\/\/diariodelujan.com\/lujan-arranco-ganando\/\" target=\"_blank\" rel=\"noopener\">Luj\u00e1n se impuso por la m\u00ednima en Ca\u00f1uelas<\/a>, con gol de S\u00e1nchez Olmos en tiempo de descuento.<\/p>\n<p>Este s\u00e1bado, la historia ser\u00e1 distinta: el <em>Lujanero<\/em> ser\u00e1 local, en su estadio, con el respaldo de su gente y la necesidad imperiosa de sumar de a tres.<\/p>\n","protected":false},"excerpt":{"rendered":"<p>Este s\u00e1bado, el Lujanero arranca la segunda mitad del torneo de la Primera C, cuando reciba a Ca\u00f1uelas en el 1\u00b0 de Abril, a partir de las 15:30 hs.<\/p>\n","protected":false},"author":3,"featured_media":16325,"comment_status":"closed","ping_status":"closed","sticky":false,"template":"","format":"standard","meta":{"tdm_status":"","tdm_grid_status":"","footnotes":""},"categories":[8],"tags":[213,173,117,184,130],"class_list":{"0":"post-16322","1":"post","2":"type-post","3":"status-publish","4":"format-standard","5":"has-post-thumbnail","7":"category-futbol","8":"tag-canuelas","9":"tag-futbol","10":"tag-lujan","11":"tag-lujanero","12":"tag-primera-c"},"_links":{"self":[{"href":"https:\/\/diariodelujan.com\/xdeporte\/wp-json\/wp\/v2\/posts\/16322","targetHints":{"allow":["GET"]}}],"collection":[{"href":"https:\/\/diariodelujan.com\/xdeporte\/wp-json\/wp\/v2\/posts"}],"about":[{"href":"https:\/\/diariodelujan.com\/xdeporte\/wp-json\/wp\/v2\/types\/post"}],"author":[{"embeddable":true,"href":"https:\/\/diariodelujan.com\/xdeporte\/wp-json\/wp\/v2\/users\/3"}],"replies":[{"embeddable":true,"href":"https:\/\/diariodelujan.com\/xdeporte\/wp-json\/wp\/v2\/comments?post=16322"}],"version-history":[{"count":1,"href":"https:\/\/diariodelujan.com\/xdeporte\/wp-json\/wp\/v2\/posts\/16322\/revisions"}],"predecessor-version":[{"id":16326,"href":"https:\/\/diariodelujan.com\/xdeporte\/wp-json\/wp\/v2\/posts\/16322\/revisions\/16326"}],"wp:featuredmedia":[{"embeddable":true,"href":"https:\/\/diariodelujan.com\/xdeporte\/wp-json\/wp\/v2\/media\/16325"}],"wp:attachment":[{"href":"https:\/\/diariodelujan.com\/xdeporte\/wp-json\/wp\/v2\/media?parent=16322"}],"wp:term":[{"taxonomy":"category","embeddable":true,"href":"https:\/\/diariodelujan.com\/xdeporte\/wp-json\/wp\/v2\/categories?post=16322"},{"taxonomy":"post_tag","embeddable":true,"href":"https:\/\/diariodelujan.com\/xdeporte\/wp-json\/wp\/v2\/tags?post=16322"}],"curies":[{"name":"wp","href":"https:\/\/api.w.org\/{rel}","templated":true}]}}