{"id":16331,"date":"2025-06-21T17:27:49","date_gmt":"2025-06-21T20:27:49","guid":{"rendered":"https:\/\/diariodelujan.com\/xdeporte\/?p=16331"},"modified":"2025-06-21T17:28:54","modified_gmt":"2025-06-21T20:28:54","slug":"flandria-perdio-y-midland-se-corono-campeon-del-apertura","status":"publish","type":"post","link":"https:\/\/diariodelujan.com\/xdeporte\/flandria-perdio-y-midland-se-corono-campeon-del-apertura\/","title":{"rendered":"Flandria perdi\u00f3 y Midland se coron\u00f3 Campe\u00f3n del Apertura"},"content":{"rendered":"<p><span style=\"font-family: georgia, palatino, serif; font-size: 14pt;\"><em>En la fecha 21 de la Primera B Metropolitana, el elenco de Libertad venci\u00f3 2 a 0 al Canario y se consagr\u00f3 campe\u00f3n del Apertura. <a href=\"https:\/\/www.facebook.com\/ClubsydFlandria\" target=\"_blank\" rel=\"noopener\">Flandria<\/a>, sin reacci\u00f3n, cerr\u00f3 una floja actuaci\u00f3n ante el nuevo monarca del campeonato.<\/em><\/span><\/p>\n<p><!--more--><\/p>\n<h3><span style=\"font-size: 14pt;\"><strong>Un campe\u00f3n sin discusi\u00f3n<\/strong><\/span><\/h3>\n<p>Tras el <a href=\"https:\/\/diariodelujan.com\/xdeporte\/primera-b-flandria-volvio-al-triunfo\/\" target=\"_blank\" rel=\"noopener\">triunfo ante Excursio<\/a>, el Canario buscaba cerrar el torneo con un triunfo fuera de casa. Sin embargo, Ferrocarril Midland super\u00f3 por 2 a 0 a Flandria y se consagr\u00f3 como el flamante campe\u00f3n del Torneo Apertura de la Primera B Metropolitana. Ante un estadio colmado, el equipo dirigido por Joaqu\u00edn Iturrer\u00eda no dej\u00f3 lugar a dudas, domin\u00f3 de principio a fin y sell\u00f3 un t\u00edtulo hist\u00f3rico frente a su gente.<\/p>\n<p>El encuentro empez\u00f3 de la mejor forma para el local, pues rompi\u00f3 el cero con una gran acci\u00f3n individual de Maximiliano Rogoski. El mediocampista enganch\u00f3 de izquierda hacia el centro y sac\u00f3 un potente remate desde afuera del \u00e1rea. El disparo no parec\u00eda inatajable, pero el arquero Tom\u00e1s Figueroa no pudo contenerlo y el parcial qued\u00f3 1-0.<\/p>\n<p>A partir de all\u00ed, el duelo se emparej\u00f3. Flandria mostr\u00f3 intenciones de buscar el empate y estuvo cerca con un intento de Dante Spitale, que remat\u00f3 con precisi\u00f3n pero la pelota se fue apenas al lado del palo. Midland tambi\u00e9n tuvo el segundo en los pies de Lucas Vico, aunque esta vez Figueroa se redimi\u00f3 con una buena atajada.<\/p>\n<p><img loading=\"lazy\" decoding=\"async\" class=\"size-full wp-image-29669 aligncenter\" src=\"https:\/\/diariodelujan.com\/wp-content\/uploads\/2025\/06\/midland-flandria-2-2025.webp\" alt=\"Flandria perdi\u00f3 y Midland se coron\u00f3 Campe\u00f3n del Apertura\" width=\"900\" height=\"600\" title=\"\"><\/p>\n<h3><span style=\"font-family: georgia, palatino, serif; font-size: 14pt;\"><strong>Segundo tiempo friccionado<\/strong><\/span><\/h3>\n<p>En el complemento, el partido se torn\u00f3 m\u00e1s luchado que jugado. Las fricciones, las imprecisiones y la tensi\u00f3n del desenlace dominaron el desarrollo. Flandria intent\u00f3 adelantarse en el campo, pero careci\u00f3 de profundidad y nunca pudo poner en aprietos al arquero rival.<\/p>\n<p>Del otro lado, Midland se dedic\u00f3 a manejar los tiempos, cerrar los espacios y aguardar su momento. Y lo encontr\u00f3. A los 32 minutos del segundo tiempo, Eugenio Olivera se anim\u00f3 con un zurdazo certero desde el borde del \u00e1rea que dej\u00f3 sin opciones a Figueroa y sell\u00f3 el 2 a 0 definitivo. El gol desat\u00f3 la euforia en las tribunas y sentenci\u00f3 tanto el encuentro como el torneo.<\/p>\n<p><img loading=\"lazy\" decoding=\"async\" class=\"size-full wp-image-29671 aligncenter\" src=\"https:\/\/diariodelujan.com\/wp-content\/uploads\/2025\/06\/midland-flandria-3-2025.webp\" alt=\"Flandria perdi\u00f3 y Midland se coron\u00f3 Campe\u00f3n del Apertura\" width=\"900\" height=\"600\" title=\"\"><\/p>\n<h3><span style=\"font-size: 14pt;\"><strong>Flandria cerr\u00f3 el torneo con otra frustraci\u00f3n<\/strong><\/span><\/h3>\n<p>Para Flandria, la derrota en Libertad no s\u00f3lo signific\u00f3 un cierre amargo del Apertura, sino tambi\u00e9n un reflejo de las dificultades que atraves\u00f3 a lo largo del campeonato. El equipo de J\u00e1uregui nunca encontr\u00f3 una l\u00ednea de juego sostenida y termin\u00f3 lejos de los puestos de vanguardia.<\/p>\n<p>M\u00e1s all\u00e1 de algunas actuaciones individuales destacadas y de intentos espor\u00e1dicos por hacerse protagonista, el <em>Canario<\/em> volvi\u00f3 a quedar en deuda. Sin respuestas ofensivas claras ni consistencia defensiva, Flandria deber\u00e1 repensar su rumbo de cara al pr\u00f3ximo torneo Clausura si quiere volver a pelear por el ascenso.<\/p>\n<h3><span style=\"font-size: 14pt;\"><strong>Midland, justo campe\u00f3n<\/strong><\/span><\/h3>\n<p>Con esta victoria, el conjunto de Joaqu\u00edn Iturrer\u00eda coron\u00f3 una campa\u00f1a brillante. S\u00f3lido en defensa, efectivo en ataque y con momentos de gran f\u00fatbol, Midland termin\u00f3 el Apertura en lo m\u00e1s alto con absoluta justicia. La consagraci\u00f3n ante su gente fue la frutilla del postre para un plantel que demostr\u00f3 personalidad y jerarqu\u00eda durante toda la competencia.<\/p>\n","protected":false},"excerpt":{"rendered":"<p>En la fecha 21 de la Primera B Metropolitana, el elenco de Libertad venci\u00f3 2 a 0 al Canario y se consagr\u00f3 campe\u00f3n del Apertura. Flandria, sin reacci\u00f3n, cerr\u00f3 una floja actuaci\u00f3n ante el nuevo monarca del campeonato.<\/p>\n","protected":false},"author":3,"featured_media":16334,"comment_status":"closed","ping_status":"closed","sticky":false,"template":"","format":"standard","meta":{"tdm_status":"","tdm_grid_status":"","footnotes":""},"categories":[2,8],"tags":[487,67,171,172,173,218,198],"class_list":{"0":"post-16331","1":"post","2":"type-post","3":"status-publish","4":"format-standard","5":"has-post-thumbnail","7":"category-featured","8":"category-futbol","9":"tag-apertura","10":"tag-campeon","11":"tag-canario","12":"tag-flandria","13":"tag-futbol","14":"tag-midland","15":"tag-primera-b"},"_links":{"self":[{"href":"https:\/\/diariodelujan.com\/xdeporte\/wp-json\/wp\/v2\/posts\/16331","targetHints":{"allow":["GET"]}}],"collection":[{"href":"https:\/\/diariodelujan.com\/xdeporte\/wp-json\/wp\/v2\/posts"}],"about":[{"href":"https:\/\/diariodelujan.com\/xdeporte\/wp-json\/wp\/v2\/types\/post"}],"author":[{"embeddable":true,"href":"https:\/\/diariodelujan.com\/xdeporte\/wp-json\/wp\/v2\/users\/3"}],"replies":[{"embeddable":true,"href":"https:\/\/diariodelujan.com\/xdeporte\/wp-json\/wp\/v2\/comments?post=16331"}],"version-history":[{"count":3,"href":"https:\/\/diariodelujan.com\/xdeporte\/wp-json\/wp\/v2\/posts\/16331\/revisions"}],"predecessor-version":[{"id":16337,"href":"https:\/\/diariodelujan.com\/xdeporte\/wp-json\/wp\/v2\/posts\/16331\/revisions\/16337"}],"wp:featuredmedia":[{"embeddable":true,"href":"https:\/\/diariodelujan.com\/xdeporte\/wp-json\/wp\/v2\/media\/16334"}],"wp:attachment":[{"href":"https:\/\/diariodelujan.com\/xdeporte\/wp-json\/wp\/v2\/media?parent=16331"}],"wp:term":[{"taxonomy":"category","embeddable":true,"href":"https:\/\/diariodelujan.com\/xdeporte\/wp-json\/wp\/v2\/categories?post=16331"},{"taxonomy":"post_tag","embeddable":true,"href":"https:\/\/diariodelujan.com\/xdeporte\/wp-json\/wp\/v2\/tags?post=16331"}],"curies":[{"name":"wp","href":"https:\/\/api.w.org\/{rel}","templated":true}]}}