{"id":16339,"date":"2025-06-21T19:03:38","date_gmt":"2025-06-21T22:03:38","guid":{"rendered":"https:\/\/diariodelujan.com\/xdeporte\/?p=16339"},"modified":"2025-06-22T09:53:18","modified_gmt":"2025-06-22T12:53:18","slug":"el-lujanero-no-pudo-quebrar-a-canuelas","status":"publish","type":"post","link":"https:\/\/diariodelujan.com\/xdeporte\/el-lujanero-no-pudo-quebrar-a-canuelas\/","title":{"rendered":"El Lujanero fue superior pero no pudo quebrar a Ca\u00f1uelas"},"content":{"rendered":"<p><span style=\"font-family: georgia, palatino, serif; font-size: 14pt;\"><em>Por la fecha 14 de la zona B de la Primera C, <a href=\"https:\/\/www.facebook.com\/www.clublujan.com.ar\" target=\"_blank\" rel=\"noopener\">el Lujanero<\/a> igual\u00f3 ante Ca\u00f1uelas este s\u00e1bado, en el estadio 1 de Abril, en un encuentro parejo pero con dominio territorial del local.<\/em><\/span><\/p>\n<p><!--more--><\/p>\n<p>Tras la <a href=\"https:\/\/diariodelujan.com\/xdeporte\/el-lujanero-goleo-a-atlas\/\" target=\"_blank\" rel=\"noopener\">victoria sobre Atlas<\/a>, el <em>Lujanero<\/em> buscaba sumar de a tres para achicar la brecha con Camioneros, quien actualmente lidera la zona B con 31 puntos.<\/p>\n<h3><span style=\"font-size: 14pt;\"><strong>El Lujanero y el Tambero no se sacaron diferencias<\/strong><\/span><\/h3>\n<p>Desde el arranque, Luj\u00e1n\u00a0mostr\u00f3 una actitud propositiva y se adue\u00f1\u00f3 de la pelota, presionando alto y recuperando r\u00e1pido tras p\u00e9rdida. Eladio Ramos fue el jugador m\u00e1s desequilibrante de la primera mitad: primero rob\u00f3 una pelota en la salida rival y sac\u00f3 un remate que se fue muy cerca del palo derecho de Estefano Franscesconi, y m\u00e1s tarde acarici\u00f3 el gol con un tiro libre que roz\u00f3 el poste izquierdo.<\/p>\n<p>Ca\u00f1uelas, con menos tenencia pero ordenado en el retroceso, tambi\u00e9n tuvo su chance con un cabezazo de Jerem\u00edas Heindereich que se fue cerca del travesa\u00f1o. Sin embargo, la m\u00e1s clara de los primeros 45 minutos la tuvo Tom\u00e1s Luj\u00e1n, quien qued\u00f3 mano a mano con el arquero y defini\u00f3 por encima, aunque su intento se fue apenas alto.<\/p>\n<p>Sobre el cierre de la etapa inicial, Fern\u00e1ndez conect\u00f3 de cabeza un centro al \u00e1rea, pero Lescano respondi\u00f3 bien para evitar la ca\u00edda de su arco. Con el marcador en blanco se fueron al entretiempo, dejando la sensaci\u00f3n de que el <em>Lujanero<\/em> merec\u00eda algo m\u00e1s.<\/p>\n<p>En el complemento, el guion no cambi\u00f3 demasiado: el local mantuvo la iniciativa, con posesi\u00f3n y empuje, mientras que la visita se repleg\u00f3 definitivamente en busca de conservar el punto. La chance m\u00e1s n\u00edtida lleg\u00f3 tras un gran pase filtrado que dej\u00f3 nuevamente a Ramos de cara al gol: el delantero eludi\u00f3 al arquero, pero no logr\u00f3 definir con precisi\u00f3n y desperdici\u00f3 una inmejorable ocasi\u00f3n para abrir el marcador.<\/p>\n<p>Juli\u00e1n Ford tambi\u00e9n lo intent\u00f3 con un remate desde media distancia que Franscesconi control\u00f3 abajo. A pesar de la insistencia y del protagonismo exclusivo en los minutos finales, el <em>Lujanero<\/em> no pudo romper la paridad y debi\u00f3 conformarse con un empate que deja gusto a poco, sobre todo por lo hecho a lo largo de los 90 minutos.<\/p>\n<p>El punto no resulta negativo en t\u00e9rminos de tabla, pero queda claro que el equipo de Fredes est\u00e1 en condiciones de aspirar a m\u00e1s si logra mejorar en la definici\u00f3n. La solidez defensiva y el funcionamiento colectivo siguen siendo puntos altos, aunque ser\u00e1 clave afinar la punter\u00eda para capitalizar todo lo bueno que genera.<\/p>\n<p>En la pr\u00f3xima jornada, Luj\u00e1n visitar\u00e1 a Victoriano Arenas en busca de transformar el buen juego en triunfos que lo acerquen a la cima de la tabla. Mientras tanto, la ilusi\u00f3n del pueblo <em>lujanero<\/em> sigue intacta.<\/p>\n","protected":false},"excerpt":{"rendered":"<p>Por la fecha 14 de la zona B de la Primera C, el Lujanero igual\u00f3 ante Ca\u00f1uelas este s\u00e1bado, en el estadio 1 de Abril, en un encuentro parejo pero con dominio territorial del local.<\/p>\n","protected":false},"author":3,"featured_media":15170,"comment_status":"closed","ping_status":"closed","sticky":false,"template":"","format":"standard","meta":{"tdm_status":"","tdm_grid_status":"","footnotes":""},"categories":[2,8],"tags":[213,173,117,184,130],"class_list":{"0":"post-16339","1":"post","2":"type-post","3":"status-publish","4":"format-standard","5":"has-post-thumbnail","7":"category-featured","8":"category-futbol","9":"tag-canuelas","10":"tag-futbol","11":"tag-lujan","12":"tag-lujanero","13":"tag-primera-c"},"_links":{"self":[{"href":"https:\/\/diariodelujan.com\/xdeporte\/wp-json\/wp\/v2\/posts\/16339","targetHints":{"allow":["GET"]}}],"collection":[{"href":"https:\/\/diariodelujan.com\/xdeporte\/wp-json\/wp\/v2\/posts"}],"about":[{"href":"https:\/\/diariodelujan.com\/xdeporte\/wp-json\/wp\/v2\/types\/post"}],"author":[{"embeddable":true,"href":"https:\/\/diariodelujan.com\/xdeporte\/wp-json\/wp\/v2\/users\/3"}],"replies":[{"embeddable":true,"href":"https:\/\/diariodelujan.com\/xdeporte\/wp-json\/wp\/v2\/comments?post=16339"}],"version-history":[{"count":3,"href":"https:\/\/diariodelujan.com\/xdeporte\/wp-json\/wp\/v2\/posts\/16339\/revisions"}],"predecessor-version":[{"id":16354,"href":"https:\/\/diariodelujan.com\/xdeporte\/wp-json\/wp\/v2\/posts\/16339\/revisions\/16354"}],"wp:featuredmedia":[{"embeddable":true,"href":"https:\/\/diariodelujan.com\/xdeporte\/wp-json\/wp\/v2\/media\/15170"}],"wp:attachment":[{"href":"https:\/\/diariodelujan.com\/xdeporte\/wp-json\/wp\/v2\/media?parent=16339"}],"wp:term":[{"taxonomy":"category","embeddable":true,"href":"https:\/\/diariodelujan.com\/xdeporte\/wp-json\/wp\/v2\/categories?post=16339"},{"taxonomy":"post_tag","embeddable":true,"href":"https:\/\/diariodelujan.com\/xdeporte\/wp-json\/wp\/v2\/tags?post=16339"}],"curies":[{"name":"wp","href":"https:\/\/api.w.org\/{rel}","templated":true}]}}