{"id":16360,"date":"2025-06-23T16:53:39","date_gmt":"2025-06-23T19:53:39","guid":{"rendered":"https:\/\/diariodelujan.com\/xdeporte\/?p=16360"},"modified":"2025-06-23T16:58:15","modified_gmt":"2025-06-23T19:58:15","slug":"el-tenis-de-mia-brayotta-subcampeona-bolivia","status":"publish","type":"post","link":"https:\/\/diariodelujan.com\/xdeporte\/el-tenis-de-mia-brayotta-subcampeona-bolivia\/","title":{"rendered":"El tenis de M\u00eda Brayotta, sigue dejando huella en el circuito sudamericano"},"content":{"rendered":"<p><span style=\"font-family: georgia, palatino, serif; font-size: 14pt;\"><em>La tenista lujanense M\u00eda Brayotta contin\u00faa consolid\u00e1ndose como una de las figuras emergentes del <strong>tenis<\/strong> juvenil argentino, gracias a una destacada gira internacional que la llev\u00f3 recientemente a competir en Bolivia, donde se consagr\u00f3 subcampeona en el torneo disputado en Santa Cruz de la Sierra.<\/em><\/span><\/p>\n<p>Con apenas 16 a\u00f1os, Brayotta se perfila como una jugadora con un futuro brillante. Su participaci\u00f3n en el certamen boliviano fue testimonio de su talento, perseverancia y capacidad competitiva, cualidades que la posicionan como una de las grandes esperanzas del tenis nacional. A lo largo del torneo, M\u00eda demostr\u00f3 un nivel sobresaliente, superando con autoridad las distintas etapas del cuadro individual.<\/p>\n<h3><strong><span style=\"font-size: 14pt;\">Camino a la final en Bolivia<\/span><\/strong><\/h3>\n<p>En la primera ronda del torneo, la lujanense se impuso con firmeza ante la local Daniela Galeano por 6-3, quien luego abandon\u00f3 en el segundo set. En segunda ronda venci\u00f3 a otra tenista boliviana, Adriana Zurita, con un claro 6-1 y un ajustado 7-5. En los cuartos de final, Brayotta protagoniz\u00f3 un encuentro intenso ante la paraguaya Catalina Velmaz. Luego de perder el primer set 3-6, remont\u00f3 con car\u00e1cter y venci\u00f3 7-6 y 6-0, mostrando una fortaleza mental clave para avanzar a las instancias decisivas.<\/p>\n<p>Ya en semifinales, super\u00f3 a Valery Somolla, tambi\u00e9n de Bolivia, con un s\u00f3lido 6-4 y 6-3. En la final se enfrent\u00f3 a la venezolana Sabrina Valderrama, una rival de gran experiencia y recorrido internacional. En un partido vibrante y cambiante, M\u00eda cay\u00f3 por 1-6, 6-2 y 4-6, qued\u00e1ndose con el subcampeonato tras un rendimiento que mereci\u00f3 elogios tanto del p\u00fablico como de sus pares.<\/p>\n<h3><strong><span style=\"font-size: 14pt;\">Una gira sudamericana con resultados alentadores<\/span><\/strong><\/h3>\n<p>Este paso por Bolivia fue parte de una intensa gira sudamericana que comenz\u00f3 en Chile y contin\u00faa ahora por distintas ciudades del continente. M\u00eda Brayotta ha sabido aprovechar cada oportunidad para medirse con jugadoras de alto nivel, adquirir experiencia internacional y sumar puntos importantes en el ranking juvenil.<\/p>\n<p><a href=\"https:\/\/diariodelujan.com\/xdeporte\/wp-content\/uploads\/2025\/06\/mia.webp\"><img loading=\"lazy\" decoding=\"async\" class=\"alignnone size-full wp-image-16365\" src=\"https:\/\/diariodelujan.com\/xdeporte\/wp-content\/uploads\/2025\/06\/mia.webp\" alt=\"M\u00eda Brayotta tenis\" width=\"1106\" height=\"727\" title=\"\" srcset=\"https:\/\/diariodelujan.com\/xdeporte\/wp-content\/uploads\/2025\/06\/mia.webp 1106w, https:\/\/diariodelujan.com\/xdeporte\/wp-content\/uploads\/2025\/06\/mia-300x197.webp 300w, https:\/\/diariodelujan.com\/xdeporte\/wp-content\/uploads\/2025\/06\/mia-1024x673.webp 1024w, https:\/\/diariodelujan.com\/xdeporte\/wp-content\/uploads\/2025\/06\/mia-768x505.webp 768w, https:\/\/diariodelujan.com\/xdeporte\/wp-content\/uploads\/2025\/06\/mia-639x420.webp 639w, https:\/\/diariodelujan.com\/xdeporte\/wp-content\/uploads\/2025\/06\/mia-696x457.webp 696w, https:\/\/diariodelujan.com\/xdeporte\/wp-content\/uploads\/2025\/06\/mia-1068x702.webp 1068w, https:\/\/diariodelujan.com\/xdeporte\/wp-content\/uploads\/2025\/06\/mia-741x486.webp 741w\" sizes=\"auto, (max-width: 1106px) 100vw, 1106px\" \/><\/a><\/p>\n<p>En enero de este a\u00f1o ya hab\u00eda dado que hablar tras su participaci\u00f3n en el prestigioso <strong><a href=\"https:\/\/diariodelujan.com\/xdeporte\/el-tenis-de-mia-brayotta-brillo-en-peru\/\">Torneo J60 de Trujillo<\/a><\/strong>, en Per\u00fa, organizado por la<strong><a href=\"https:\/\/www.itftennis.com\/en\/\" target=\"_blank\" rel=\"noopener\"> Federaci\u00f3n Internacional de Tenis<\/a><\/strong> (ITF). En esa ocasi\u00f3n, Brayotta brill\u00f3 tanto en singles como en dobles.<\/p>\n<h3><strong><span style=\"font-size: 14pt;\">Campeona en Dobles y semifinalista en Singles en Per\u00fa<\/span><\/strong><\/h3>\n<p>En la modalidad Dobles, la lujanense form\u00f3 una exitosa dupla junto a la peruana Valeria Casusol. Juntas alcanzaron el t\u00edtulo luego de una serie de partidos muy disputados, en los que demostraron una gran sinton\u00eda, solidez en el fondo de cancha y mucha agresividad en la red. Ese campeonato no solo les vali\u00f3 trofeos, sino tambi\u00e9n importantes puntos para el ranking ITF Junior.<\/p>\n<p>En Singles, M\u00eda tambi\u00e9n tuvo una destacada actuaci\u00f3n, alcanzando las semifinales luego de una racha de victorias firmes. En esa instancia se midi\u00f3 con la estadounidense Yael Safer, una de las principales favoritas. Pese a caer en un encuentro muy ajustado, Brayotta dej\u00f3 en claro que su nivel est\u00e1 a la altura de las grandes promesas del circuito.<\/p>\n<h3><strong><span style=\"font-size: 14pt;\">Pr\u00f3ximo destino: Rosario<\/span><\/strong><\/h3>\n<p>Luego de su notable actuaci\u00f3n en Bolivia, M\u00eda Brayotta ya se prepara para una nueva competencia internacional, esta vez en Rosario, provincia de Santa Fe. La joven tenista continuar\u00e1 all\u00ed con su gira sudamericana, acompa\u00f1ada de su entrenador Mat\u00edas Silvano, director de la Academia del Luj\u00e1n Tenis Club, quien ha sido una pieza fundamental en el crecimiento deportivo de la jugadora.<\/p>\n<h3><strong><span style=\"font-size: 14pt;\">El futuro del tenis argentino tiene nombre propio<\/span><\/strong><\/h3>\n<p>El presente de M\u00eda Brayotta es m\u00e1s que prometedor. Con una mentalidad competitiva, una t\u00e9cnica depurada y una agenda internacional repleta de desaf\u00edos, la tenista de Luj\u00e1n est\u00e1 construyendo una carrera que invita a ilusionarse. Cada torneo, cada victoria y cada experiencia la acercan un paso m\u00e1s al profesionalismo. Sin duda, su nombre ya comienza a sonar con fuerza en el ambiente del <strong>tenis<\/strong> juvenil y promete seguir haci\u00e9ndolo en los a\u00f1os venideros.<\/p>\n<p>Brayotta representa una nueva generaci\u00f3n de atletas argentinos que buscan dejar su huella en el mundo del tenis. Y si algo demuestran sus \u00faltimos resultados, es que ese objetivo est\u00e1 cada vez m\u00e1s cerca.<\/p>\n","protected":false},"excerpt":{"rendered":"<p>La tenista lujanense M\u00eda Brayotta contin\u00faa consolid\u00e1ndose como una de las figuras emergentes del tenis juvenil argentino, gracias a una destacada gira internacional que la llev\u00f3 recientemente a competir en Bolivia, donde se consagr\u00f3 subcampeona en el torneo disputado en Santa Cruz de la Sierra. Con apenas 16 a\u00f1os, Brayotta se perfila como una jugadora [&hellip;]<\/p>\n","protected":false},"author":4,"featured_media":13273,"comment_status":"closed","ping_status":"closed","sticky":false,"template":"","format":"standard","meta":{"tdm_status":"","tdm_grid_status":"","footnotes":""},"categories":[11,2],"tags":[489,449,106],"class_list":{"0":"post-16360","1":"post","2":"type-post","3":"status-publish","4":"format-standard","5":"has-post-thumbnail","7":"category-tenis","8":"category-featured","9":"tag-bolivia","10":"tag-mia-brayotta","11":"tag-tenis"},"_links":{"self":[{"href":"https:\/\/diariodelujan.com\/xdeporte\/wp-json\/wp\/v2\/posts\/16360","targetHints":{"allow":["GET"]}}],"collection":[{"href":"https:\/\/diariodelujan.com\/xdeporte\/wp-json\/wp\/v2\/posts"}],"about":[{"href":"https:\/\/diariodelujan.com\/xdeporte\/wp-json\/wp\/v2\/types\/post"}],"author":[{"embeddable":true,"href":"https:\/\/diariodelujan.com\/xdeporte\/wp-json\/wp\/v2\/users\/4"}],"replies":[{"embeddable":true,"href":"https:\/\/diariodelujan.com\/xdeporte\/wp-json\/wp\/v2\/comments?post=16360"}],"version-history":[{"count":5,"href":"https:\/\/diariodelujan.com\/xdeporte\/wp-json\/wp\/v2\/posts\/16360\/revisions"}],"predecessor-version":[{"id":16366,"href":"https:\/\/diariodelujan.com\/xdeporte\/wp-json\/wp\/v2\/posts\/16360\/revisions\/16366"}],"wp:featuredmedia":[{"embeddable":true,"href":"https:\/\/diariodelujan.com\/xdeporte\/wp-json\/wp\/v2\/media\/13273"}],"wp:attachment":[{"href":"https:\/\/diariodelujan.com\/xdeporte\/wp-json\/wp\/v2\/media?parent=16360"}],"wp:term":[{"taxonomy":"category","embeddable":true,"href":"https:\/\/diariodelujan.com\/xdeporte\/wp-json\/wp\/v2\/categories?post=16360"},{"taxonomy":"post_tag","embeddable":true,"href":"https:\/\/diariodelujan.com\/xdeporte\/wp-json\/wp\/v2\/tags?post=16360"}],"curies":[{"name":"wp","href":"https:\/\/api.w.org\/{rel}","templated":true}]}}