{"id":16388,"date":"2025-06-28T01:08:37","date_gmt":"2025-06-28T04:08:37","guid":{"rendered":"https:\/\/diariodelujan.com\/xdeporte\/?p=16388"},"modified":"2025-06-28T16:58:05","modified_gmt":"2025-06-28T19:58:05","slug":"flandria-debuta-en-el-clausura","status":"publish","type":"post","link":"https:\/\/diariodelujan.com\/xdeporte\/flandria-debuta-en-el-clausura\/","title":{"rendered":"Flandria quiere volar alto en el Clausura"},"content":{"rendered":"<p><span style=\"font-family: georgia, palatino, serif; font-size: 14pt;\"><em>Este s\u00e1bado por la tarde, <a href=\"https:\/\/www.facebook.com\/ClubsydFlandria\" target=\"_blank\" rel=\"noopener\">Flandria<\/a> visita a Sportivo Italiano con la ilusi\u00f3n renovada y caras nuevas para dar vuelta la p\u00e1gina del Apertura.<\/em><\/span><\/p>\n<p><!--more--><\/p>\n<p>Este s\u00e1bado a partir de las 13 horas, en Ciudad Evita, Flandria abre un nuevo cap\u00edtulo en su recorrido por la Primera B Metropolitana. En el marco de la primera fecha del Torneo Clausura, el conjunto de J\u00e1uregui visita a Sportivo Italiano con el objetivo de comenzar con el pie derecho y <a href=\"https:\/\/diariodelujan.com\/xdeporte\/flandria-perdio-y-midland-se-corono-campeon-del-apertura\/\" target=\"_blank\" rel=\"noopener\">dejar atr\u00e1s un Apertura<\/a> que lo tuvo lejos de las aspiraciones principales. Con refuerzos y el retorno de un referente, el equipo buscar\u00e1 mostrar otra cara y reilusionar a su gente.<\/p>\n<h3><span style=\"font-size: 14pt;\"><strong>Un nuevo comienzo para Flandria<\/strong><\/span><\/h3>\n<p>La campa\u00f1a en el Torneo Apertura dej\u00f3 gusto a poco en el seno del club. Lejos de los puestos de vanguardia, Flandria no logr\u00f3 consolidar una identidad s\u00f3lida ni una regularidad que le permitiera pelear arriba. Por eso, el Clausura representa mucho m\u00e1s que una nueva competencia: es una oportunidad para recomponer el \u00e1nimo, recuperar confianza y demostrar que el <em>Canario<\/em> tiene argumentos para ser protagonista.<\/p>\n<p>Con este panorama, el estreno ante Sportivo Italiano aparece como un test clave. No solo porque marcar\u00e1 el inicio del nuevo certamen, sino porque ser\u00e1 el primer examen para evaluar si el trabajo de las \u00faltimas semanas empieza a dar frutos. El rival, que tambi\u00e9n buscar\u00e1 mejorar su imagen, promete un duelo parejo y de dientes apretados.<\/p>\n<h3><span style=\"font-size: 14pt;\"><strong>Refuerzos con experiencia<\/strong><\/span><\/h3>\n<p>De cara a esta segunda mitad del campeonato, Flandria se movi\u00f3 con inteligencia en el mercado de pases. Hasta el momento, llegaron dos incorporaciones de jerarqu\u00eda que podr\u00edan debutar este s\u00e1bado: el arquero Maximiliano Gagliardo, de extensa trayectoria en el ascenso y Primera Divisi\u00f3n, y el defensor Fernando Evangelista, ex Boca Juniors y con un recorrido importante en clubes como Atl\u00e9tico Tucum\u00e1n, Estudiantes de La Plata e Instituto.<\/p>\n<p>Ambos refuerzos suman experiencia, liderazgo y calidad a un plantel que necesitaba reforzar su estructura desde el fondo hacia adelante. Si bien resta confirmar el equipo titular, la dupla t\u00e9cnica conf\u00eda en que tanto Gagliardo como Evangelista pueden aportar soluciones inmediatas y transformarse en referentes dentro de la cancha.<\/p>\n<h3><span style=\"font-size: 14pt;\"><strong>El regreso de Camacho<\/strong><\/span><\/h3>\n<p>Otra buena noticia para el <em>Canario<\/em> es la posible vuelta de Andr\u00e9s Camacho, una de las piezas clave en la defensa del equipo. El zaguero central, ausente en las \u00faltimas jornadas del Apertura por una molestia f\u00edsica, ya est\u00e1 en condiciones de regresar y podr\u00eda ser titular ante el Tano. Su liderazgo, buen juego a\u00e9reo y solidez en la marca ser\u00e1n fundamentales para ordenar el fondo y brindarle seguridad al equipo en un duelo que promete ser cerrado.<\/p>\n<h3><span style=\"font-size: 14pt;\"><strong>El rival: Sportivo Italiano<\/strong><\/span><\/h3>\n<p>El conjunto de Ciudad Evita tampoco tuvo una campa\u00f1a destacada en el Apertura, pero en su casa suele hacerse fuerte y buscar\u00e1 aprovechar la local\u00eda para comenzar con una victoria. Con un plantel renovado y bajo las \u00f3rdenes de su cuerpo t\u00e9cnico, Italiano apostar\u00e1 a un juego din\u00e1mico y vertical para complicar a Flandria.<\/p>\n<p>Ser\u00e1 clave para el <em>Canario<\/em> neutralizar a sus mediocampistas ofensivos y no regalar espacios en defensa. A partir del equilibrio, el conjunto de J\u00e1uregui intentar\u00e1 construir su juego y aprovechar la experiencia de sus flamantes incorporaciones para marcar la diferencia.<\/p>\n","protected":false},"excerpt":{"rendered":"<p>Este s\u00e1bado por la tarde, Flandria visita a Sportivo Italiano con la ilusi\u00f3n renovada y caras nuevas para dar vuelta la p\u00e1gina del Apertura.<\/p>\n","protected":false},"author":3,"featured_media":16215,"comment_status":"closed","ping_status":"closed","sticky":false,"template":"","format":"standard","meta":{"tdm_status":"","tdm_grid_status":"","footnotes":""},"categories":[8],"tags":[171,172,173,239,198],"class_list":{"0":"post-16388","1":"post","2":"type-post","3":"status-publish","4":"format-standard","5":"has-post-thumbnail","7":"category-futbol","8":"tag-canario","9":"tag-flandria","10":"tag-futbol","11":"tag-italiano","12":"tag-primera-b"},"_links":{"self":[{"href":"https:\/\/diariodelujan.com\/xdeporte\/wp-json\/wp\/v2\/posts\/16388","targetHints":{"allow":["GET"]}}],"collection":[{"href":"https:\/\/diariodelujan.com\/xdeporte\/wp-json\/wp\/v2\/posts"}],"about":[{"href":"https:\/\/diariodelujan.com\/xdeporte\/wp-json\/wp\/v2\/types\/post"}],"author":[{"embeddable":true,"href":"https:\/\/diariodelujan.com\/xdeporte\/wp-json\/wp\/v2\/users\/3"}],"replies":[{"embeddable":true,"href":"https:\/\/diariodelujan.com\/xdeporte\/wp-json\/wp\/v2\/comments?post=16388"}],"version-history":[{"count":2,"href":"https:\/\/diariodelujan.com\/xdeporte\/wp-json\/wp\/v2\/posts\/16388\/revisions"}],"predecessor-version":[{"id":16390,"href":"https:\/\/diariodelujan.com\/xdeporte\/wp-json\/wp\/v2\/posts\/16388\/revisions\/16390"}],"wp:featuredmedia":[{"embeddable":true,"href":"https:\/\/diariodelujan.com\/xdeporte\/wp-json\/wp\/v2\/media\/16215"}],"wp:attachment":[{"href":"https:\/\/diariodelujan.com\/xdeporte\/wp-json\/wp\/v2\/media?parent=16388"}],"wp:term":[{"taxonomy":"category","embeddable":true,"href":"https:\/\/diariodelujan.com\/xdeporte\/wp-json\/wp\/v2\/categories?post=16388"},{"taxonomy":"post_tag","embeddable":true,"href":"https:\/\/diariodelujan.com\/xdeporte\/wp-json\/wp\/v2\/tags?post=16388"}],"curies":[{"name":"wp","href":"https:\/\/api.w.org\/{rel}","templated":true}]}}