{"id":16391,"date":"2025-06-28T01:20:32","date_gmt":"2025-06-28T04:20:32","guid":{"rendered":"https:\/\/diariodelujan.com\/xdeporte\/?p=16391"},"modified":"2025-06-28T16:58:00","modified_gmt":"2025-06-28T19:58:00","slug":"el-lujanero-intentara-ganar-en-alsina","status":"publish","type":"post","link":"https:\/\/diariodelujan.com\/xdeporte\/el-lujanero-intentara-ganar-en-alsina\/","title":{"rendered":"El Lujanero intentar\u00e1 pisar fuerte en Alsina"},"content":{"rendered":"<p><span style=\"font-family: georgia, palatino, serif; font-size: 14pt;\"><em>Por la Primera C, <a href=\"https:\/\/www.facebook.com\/www.clublujan.com.ar\" target=\"_blank\" rel=\"noopener\">el Lujanero<\/a> visita a Victoriano Arenas con el objetivo de obtener el primer triunfo en la segunda rueda ante un rival que atraviesa un momento complicado.<\/em><\/span><\/p>\n<p><!--more--><\/p>\n<p>Por la fecha 15 del torneo de la Primera Divisi\u00f3n C, el <em>Lujanero<\/em> se presentar\u00e1 este s\u00e1bado desde las 15.30 en el Estadio Saturnino Moure de Valent\u00edn Alsina, donde enfrentar\u00e1 a Victoriano Arenas. En un partido que promete intensidad y urgencias, los dirigidos por Santiago Fredes buscar\u00e1n hacerse fuertes como visitantes y <a href=\"https:\/\/diariodelujan.com\/xdeporte\/el-lujanero-no-pudo-quebrar-a-canuelas\/\" target=\"_blank\" rel=\"noopener\">comenzar con el pie derecho esta etapa<\/a> crucial del campeonato.<\/p>\n<h3><span style=\"font-size: 14pt;\"><strong>El Lujanero, con la mira en la recuperaci\u00f3n<\/strong><\/span><\/h3>\n<p>Tras un Apertura irregular en cuanto a resultados, pero con algunos puntos altos en el juego colectivo, el <em>Lujanero<\/em> encara esta segunda parte del campeonato con la ilusi\u00f3n intacta de ser protagonista. Con varios encuentros cerrados que no terminaron en victoria y algunos empates que supieron a poco, el equipo sabe que para escalar posiciones debe comenzar a sumar de a tres de forma sostenida.<\/p>\n<p>En este contexto, el choque ante Victoriano aparece como una buena oportunidad para sumar fuera de casa. No solo por el presente del rival, sino tambi\u00e9n porque el <em>Lujanero<\/em> ha mostrado una imagen competitiva en buena parte de sus visitas.<\/p>\n<p>Una de las novedades positivas en la previa es la evoluci\u00f3n de Nahuel Icazatti, quien se recupera de una contractura y podr\u00eda estar disponible para el t\u00e9cnico. Su presencia, ya sea desde el inicio o como alternativa en el banco, representa una variante importante en la mitad de la cancha, tanto en lo f\u00edsico como en lo t\u00e1ctico.<\/p>\n<h3><span style=\"font-size: 14pt;\"><strong>Victoriano, urgido y con la presi\u00f3n de local<\/strong><\/span><\/h3>\n<p>Del otro lado estar\u00e1 Victoriano Arenas, que atraviesa un momento delicado. Con tres derrotas consecutivas a cuestas, el elenco de Valent\u00edn Alsina se encuentra en la parte baja de la tabla y necesita imperiosamente sumar para cortar la racha y recuperar confianza.<\/p>\n<p>Jugar en casa puede ser una ventaja para Victoriano, aunque tambi\u00e9n una presi\u00f3n extra. El mal presente genera impaciencia entre los hinchas y el equipo deber\u00e1 mostrar temple para sobreponerse a la exigencia de su gente.<\/p>\n<p>El cuerpo t\u00e9cnico local sabe que enfrenta a un Luj\u00e1n que tiene jugadores con experiencia y juventud en equilibrio, y que puede complicar en cualquier cancha.<\/p>\n","protected":false},"excerpt":{"rendered":"<p>Por la Primera C, el Lujanero visita a Victoriano Arenas con el objetivo de obtener el primer triunfo en la segunda rueda ante un rival que atraviesa un momento complicado.<\/p>\n","protected":false},"author":3,"featured_media":15725,"comment_status":"closed","ping_status":"closed","sticky":false,"template":"","format":"standard","meta":{"tdm_status":"","tdm_grid_status":"","footnotes":""},"categories":[8],"tags":[173,117,184,130,235],"class_list":{"0":"post-16391","1":"post","2":"type-post","3":"status-publish","4":"format-standard","5":"has-post-thumbnail","7":"category-futbol","8":"tag-futbol","9":"tag-lujan","10":"tag-lujanero","11":"tag-primera-c","12":"tag-victoriano-arenas"},"_links":{"self":[{"href":"https:\/\/diariodelujan.com\/xdeporte\/wp-json\/wp\/v2\/posts\/16391","targetHints":{"allow":["GET"]}}],"collection":[{"href":"https:\/\/diariodelujan.com\/xdeporte\/wp-json\/wp\/v2\/posts"}],"about":[{"href":"https:\/\/diariodelujan.com\/xdeporte\/wp-json\/wp\/v2\/types\/post"}],"author":[{"embeddable":true,"href":"https:\/\/diariodelujan.com\/xdeporte\/wp-json\/wp\/v2\/users\/3"}],"replies":[{"embeddable":true,"href":"https:\/\/diariodelujan.com\/xdeporte\/wp-json\/wp\/v2\/comments?post=16391"}],"version-history":[{"count":2,"href":"https:\/\/diariodelujan.com\/xdeporte\/wp-json\/wp\/v2\/posts\/16391\/revisions"}],"predecessor-version":[{"id":16393,"href":"https:\/\/diariodelujan.com\/xdeporte\/wp-json\/wp\/v2\/posts\/16391\/revisions\/16393"}],"wp:featuredmedia":[{"embeddable":true,"href":"https:\/\/diariodelujan.com\/xdeporte\/wp-json\/wp\/v2\/media\/15725"}],"wp:attachment":[{"href":"https:\/\/diariodelujan.com\/xdeporte\/wp-json\/wp\/v2\/media?parent=16391"}],"wp:term":[{"taxonomy":"category","embeddable":true,"href":"https:\/\/diariodelujan.com\/xdeporte\/wp-json\/wp\/v2\/categories?post=16391"},{"taxonomy":"post_tag","embeddable":true,"href":"https:\/\/diariodelujan.com\/xdeporte\/wp-json\/wp\/v2\/tags?post=16391"}],"curies":[{"name":"wp","href":"https:\/\/api.w.org\/{rel}","templated":true}]}}