{"id":16396,"date":"2025-06-28T17:16:19","date_gmt":"2025-06-28T20:16:19","guid":{"rendered":"https:\/\/diariodelujan.com\/xdeporte\/?p=16396"},"modified":"2025-06-28T17:16:19","modified_gmt":"2025-06-28T20:16:19","slug":"arranque-sonado-para-flandria","status":"publish","type":"post","link":"https:\/\/diariodelujan.com\/xdeporte\/arranque-sonado-para-flandria\/","title":{"rendered":"Arranque so\u00f1ado para Flandria"},"content":{"rendered":"<p><span style=\"font-family: georgia, palatino, serif; font-size: 14pt;\"><em>Por la primera fecha del torneo Clausura de la Primera B Metropolitana, <a href=\"https:\/\/www.facebook.com\/ClubsydFlandria\" target=\"_blank\" rel=\"noopener\">Flandria<\/a> tuvo un debut ideal al imponerse como visitante frente a Sportivo Italiano en Ciudad Evita.<\/em><\/span><\/p>\n<p><!--more--><\/p>\n<p>Con una actuaci\u00f3n s\u00f3lida y pasajes de muy buen juego, el equipo de Arnaldo Sialle dej\u00f3 atr\u00e1s <a href=\"https:\/\/diariodelujan.com\/xdeporte\/flandria-debuta-en-el-clausura\/\" target=\"_blank\" rel=\"noopener\">un Apertura irregular<\/a> y comenz\u00f3 esta nueva etapa con el pie derecho.<\/p>\n<p>El partido se disput\u00f3 este s\u00e1bado en el estadio Rep\u00fablica de Italia, con arbitraje de Juli\u00e1n Jerez. El <em>Canario<\/em> lleg\u00f3 al encuentro con la intenci\u00f3n de mostrar una mejor versi\u00f3n futbol\u00edstica y ratificar el trabajo de la pretemporada. Italiano, por su parte, ven\u00eda de vencer a F\u00e9nix por 2 a 0 y hab\u00eda finalizado el torneo anterior en la 19\u00b0 posici\u00f3n con 21 puntos, apenas uno menos que Flandria, que termin\u00f3 18\u00b0 con 22.<\/p>\n<h3><span style=\"font-size: 14pt;\"><strong>Refuerzos en cancha y un arquero clave<\/strong><\/span><\/h3>\n<p>Una de las novedades en el once inicial fue la inclusi\u00f3n de los dos refuerzos que llegaron para el Clausura: Maximiliano Gagliardo, arquero de amplia experiencia, y Fernando Evangelista, defensor con recorrido en categor\u00edas superiores.<\/p>\n<p>En el arranque, el equipo local sali\u00f3 con decisi\u00f3n a adue\u00f1arse del juego. Con intensidad y buena circulaci\u00f3n de pelota, Italiano intent\u00f3 golpear de entrada, pero se encontr\u00f3 con una figura firme bajo los tres palos: Gagliardo respondi\u00f3 con solvencia cada vez que fue exigido, transmitiendo seguridad desde el fondo.<\/p>\n<p>Con el correr de los minutos, Flandria empez\u00f3 a recuperar terreno. El mediocampo canario gan\u00f3 presencia y el equipo comenz\u00f3 a encontrar espacios para lastimar. A los 34 minutos lleg\u00f3 la primera gran alegr\u00eda: tras un centro desde la derecha y un mal rechazo de la defensa local, Bruno Guelfi captur\u00f3 el bal\u00f3n y sac\u00f3 un derechazo potente para establecer el 1 a 0.<\/p>\n<h3><span style=\"font-size: 14pt;\"><strong>Dominio y golpe final en el complemento<\/strong><\/span><\/h3>\n<p>Con la ventaja, Flandria se sinti\u00f3 m\u00e1s c\u00f3modo y tom\u00f3 definitivamente las riendas del partido. En el segundo tiempo, lejos de replegarse, el conjunto de Sialle fue por m\u00e1s.<\/p>\n<p>Primero tuvo una chance clar\u00edsima en los pies de Palacio, que no pudo definir con precisi\u00f3n. Luego, Italiano intent\u00f3 reaccionar, pero nuevamente Gagliardo fue clave con una atajada determinante que sostuvo la ventaja.<\/p>\n<p>Hasta que a los 35 minutos, el <em>Canario<\/em> encontr\u00f3 el golpe de nocaut. El reci\u00e9n ingresado Gonzalo Salega encabez\u00f3 una jugada asociada por izquierda, toc\u00f3 con Palacio y este habilit\u00f3 a Bautista Gonz\u00e1lez, quien defini\u00f3 con categor\u00eda para sellar el 2 a 0 definitivo.<\/p>\n<p><img loading=\"lazy\" decoding=\"async\" class=\"size-full wp-image-29962 aligncenter\" src=\"https:\/\/diariodelujan.com\/wp-content\/uploads\/2025\/06\/sp-italiano-flandria-1-2025.webp\" alt=\"Arranque so\u00f1ado para Flandria\" width=\"800\" height=\"1000\" title=\"\"><\/p>\n<h3><span style=\"font-size: 14pt;\"><strong>Un envi\u00f3n necesario para Flandria<\/strong><\/span><\/h3>\n<p>La victoria representa mucho m\u00e1s que tres puntos para Flandria. El equipo mostr\u00f3 orden, determinaci\u00f3n y un funcionamiento colectivo prometedor. El debut de los refuerzos fue alentador, especialmente lo de Gagliardo, que fue clave en momentos importantes del partido.<\/p>\n<p>Sialle comienza a encontrar respuestas dentro de un plantel que busca recomponerse tras un Apertura con altibajos y lograr protagonismo en esta segunda mitad del a\u00f1o.<\/p>\n<p>En la pr\u00f3xima jornada, Flandria volver\u00e1 a jugar como local y tendr\u00e1 que recibir a UAI Urquiza en el Carlos V.<\/p>\n","protected":false},"excerpt":{"rendered":"<p>Por la primera fecha del torneo Clausura de la Primera B Metropolitana, Flandria tuvo un debut ideal al imponerse como visitante frente a Sportivo Italiano en Ciudad Evita.<\/p>\n","protected":false},"author":3,"featured_media":16397,"comment_status":"closed","ping_status":"closed","sticky":false,"template":"","format":"standard","meta":{"tdm_status":"","tdm_grid_status":"","footnotes":""},"categories":[2,8],"tags":[171,172,173,239,198],"class_list":{"0":"post-16396","1":"post","2":"type-post","3":"status-publish","4":"format-standard","5":"has-post-thumbnail","7":"category-featured","8":"category-futbol","9":"tag-canario","10":"tag-flandria","11":"tag-futbol","12":"tag-italiano","13":"tag-primera-b"},"_links":{"self":[{"href":"https:\/\/diariodelujan.com\/xdeporte\/wp-json\/wp\/v2\/posts\/16396","targetHints":{"allow":["GET"]}}],"collection":[{"href":"https:\/\/diariodelujan.com\/xdeporte\/wp-json\/wp\/v2\/posts"}],"about":[{"href":"https:\/\/diariodelujan.com\/xdeporte\/wp-json\/wp\/v2\/types\/post"}],"author":[{"embeddable":true,"href":"https:\/\/diariodelujan.com\/xdeporte\/wp-json\/wp\/v2\/users\/3"}],"replies":[{"embeddable":true,"href":"https:\/\/diariodelujan.com\/xdeporte\/wp-json\/wp\/v2\/comments?post=16396"}],"version-history":[{"count":2,"href":"https:\/\/diariodelujan.com\/xdeporte\/wp-json\/wp\/v2\/posts\/16396\/revisions"}],"predecessor-version":[{"id":16400,"href":"https:\/\/diariodelujan.com\/xdeporte\/wp-json\/wp\/v2\/posts\/16396\/revisions\/16400"}],"wp:featuredmedia":[{"embeddable":true,"href":"https:\/\/diariodelujan.com\/xdeporte\/wp-json\/wp\/v2\/media\/16397"}],"wp:attachment":[{"href":"https:\/\/diariodelujan.com\/xdeporte\/wp-json\/wp\/v2\/media?parent=16396"}],"wp:term":[{"taxonomy":"category","embeddable":true,"href":"https:\/\/diariodelujan.com\/xdeporte\/wp-json\/wp\/v2\/categories?post=16396"},{"taxonomy":"post_tag","embeddable":true,"href":"https:\/\/diariodelujan.com\/xdeporte\/wp-json\/wp\/v2\/tags?post=16396"}],"curies":[{"name":"wp","href":"https:\/\/api.w.org\/{rel}","templated":true}]}}