{"id":16401,"date":"2025-06-28T18:17:24","date_gmt":"2025-06-28T21:17:24","guid":{"rendered":"https:\/\/diariodelujan.com\/xdeporte\/?p=16401"},"modified":"2025-06-29T18:37:01","modified_gmt":"2025-06-29T21:37:01","slug":"el-lujanero-goleo-a-victoriano","status":"publish","type":"post","link":"https:\/\/diariodelujan.com\/xdeporte\/el-lujanero-goleo-a-victoriano\/","title":{"rendered":"El Lujanero gole\u00f3 a Victoriano y se prende en la pelea"},"content":{"rendered":"<p><span style=\"font-family: georgia, palatino, serif; font-size: 14pt;\"><em>Por la 15\u00b0 fecha de la Primera C, <a href=\"https:\/\/www.facebook.com\/www.clublujan.com.ar\" target=\"_blank\" rel=\"noopener\">el Lujanero<\/a> derrot\u00f3 3 a 0 a Victoriano Arenas como visitante y se mantiene firme en la zona alta de la tabla.<\/em><\/span><\/p>\n<p><!--more--><\/p>\n<h3><span style=\"font-size: 14pt;\"><strong>El Lujanero volvi\u00f3 a mostrar su mejor versi\u00f3n en el momento justo<\/strong><\/span><\/h3>\n<p>Este s\u00e1bado por la tarde, por la segunda jornada de la segunda rueda del campeonato,\u00a0 visit\u00f3 el estadio Saturnino Moure con la necesidad de reencontrarse con el triunfo tras dos empates consecutivos. Y lo hizo con contundencia: fue un 3 a 0 inapelable ante un Victoriano Arenas que nunca pudo hacer pie.<\/p>\n<p>El conjunto de Valent\u00edn Alsina llegaba al compromiso golpeado por la derrota ante Argentino de Rosario y ubicado en la d\u00e9cima posici\u00f3n, con 15 unidades, 11 menos que el equipo de Santiago Fredes, que ven\u00eda de <a href=\"https:\/\/diariodelujan.com\/xdeporte\/el-lujanero-no-pudo-quebrar-a-canuelas\/\" target=\"_blank\" rel=\"noopener\">igualar con Ca\u00f1uelas<\/a>. Pero en su casa y con la urgencia de sumar, buscaba dar el golpe. Sin embargo, fue Luj\u00e1n quien impuso condiciones.<\/p>\n<p>El \u00e1rbitro Agust\u00edn Flores dio el pitazo inicial y desde el arranque el encuentro mostr\u00f3 paridad. En un primer tiempo discreto, Luj\u00e1n intent\u00f3 manejar la pelota y hacerse due\u00f1o del juego, pero le cost\u00f3 encontrar precisi\u00f3n en los metros finales. Fredes present\u00f3 una variante t\u00e1ctica interesante, con Tom\u00e1s Bellido en lugar de Carnelutto y Lucas G\u00f3mez como lateral derecho. Aun as\u00ed, al descanso se fueron sin goles.<\/p>\n<h3><strong><span style=\"font-size: 14pt;\">En el complemento, el panorama cambi\u00f3 por completo<\/span><\/strong><\/h3>\n<p>El <em>Lujanero<\/em> sali\u00f3 con otra energ\u00eda. Apenas corr\u00eda el primer minuto del segundo tiempo cuando Brandon Arriola, quien hab\u00eda ingresado por el lesionado Tom\u00e1s Luj\u00e1n, aprovech\u00f3 una desinteligencia defensiva y defini\u00f3 con frialdad para abrir el marcador. Un gol clave que desat\u00f3 el vendaval visitante.<\/p>\n<h3><span style=\"font-size: 14pt;\"><strong>Con la ventaja a su favor, Luj\u00e1n se solt\u00f3<\/strong><\/span><\/h3>\n<p>Comenz\u00f3 a encontrar espacios, a dominar los tiempos del partido y a explotar las bandas. A los 17 minutos, Eladio Ramos capitaliz\u00f3 una jugada colectiva y estir\u00f3 la ventaja con un potente remate dentro del \u00e1rea. Y a los 24, Mat\u00edas G\u00f3mez, en su af\u00e1n por despejar un centro, marc\u00f3 en contra de su propia valla y sell\u00f3 el 3 a 0 definitivo.<\/p>\n<p>El resultado fue un reflejo de la superioridad del <em>Lujanero<\/em> en la segunda mitad. Inteligente, paciente y certero, volvi\u00f3 a demostrar que tiene argumentos s\u00f3lidos para pelear arriba.<\/p>\n<p>Con esta victoria, Luj\u00e1n llega a los 29 puntos y queda a tan solo dos del l\u00edder Deportivo Camioneros, que el lunes visitar\u00e1 a Sportivo Barracas. Una diferencia m\u00ednima que alimenta la ilusi\u00f3n del pueblo lujanero, que sue\u00f1a con un equipo protagonista y en ascenso.<\/p>\n","protected":false},"excerpt":{"rendered":"<p>Por la 15\u00b0 fecha de la Primera C, el Lujanero derrot\u00f3 3 a 0 a Victoriano Arenas como visitante y se mantiene firme en la zona alta de la tabla.<\/p>\n","protected":false},"author":3,"featured_media":16403,"comment_status":"closed","ping_status":"closed","sticky":false,"template":"","format":"video","meta":{"tdm_status":"","tdm_grid_status":"","footnotes":""},"categories":[2,8],"tags":[173,117,184,130,235],"class_list":{"0":"post-16401","1":"post","2":"type-post","3":"status-publish","4":"format-video","5":"has-post-thumbnail","7":"category-featured","8":"category-futbol","9":"tag-futbol","10":"tag-lujan","11":"tag-lujanero","12":"tag-primera-c","13":"tag-victoriano-arenas","14":"post_format-post-format-video"},"_links":{"self":[{"href":"https:\/\/diariodelujan.com\/xdeporte\/wp-json\/wp\/v2\/posts\/16401","targetHints":{"allow":["GET"]}}],"collection":[{"href":"https:\/\/diariodelujan.com\/xdeporte\/wp-json\/wp\/v2\/posts"}],"about":[{"href":"https:\/\/diariodelujan.com\/xdeporte\/wp-json\/wp\/v2\/types\/post"}],"author":[{"embeddable":true,"href":"https:\/\/diariodelujan.com\/xdeporte\/wp-json\/wp\/v2\/users\/3"}],"replies":[{"embeddable":true,"href":"https:\/\/diariodelujan.com\/xdeporte\/wp-json\/wp\/v2\/comments?post=16401"}],"version-history":[{"count":3,"href":"https:\/\/diariodelujan.com\/xdeporte\/wp-json\/wp\/v2\/posts\/16401\/revisions"}],"predecessor-version":[{"id":16409,"href":"https:\/\/diariodelujan.com\/xdeporte\/wp-json\/wp\/v2\/posts\/16401\/revisions\/16409"}],"wp:featuredmedia":[{"embeddable":true,"href":"https:\/\/diariodelujan.com\/xdeporte\/wp-json\/wp\/v2\/media\/16403"}],"wp:attachment":[{"href":"https:\/\/diariodelujan.com\/xdeporte\/wp-json\/wp\/v2\/media?parent=16401"}],"wp:term":[{"taxonomy":"category","embeddable":true,"href":"https:\/\/diariodelujan.com\/xdeporte\/wp-json\/wp\/v2\/categories?post=16401"},{"taxonomy":"post_tag","embeddable":true,"href":"https:\/\/diariodelujan.com\/xdeporte\/wp-json\/wp\/v2\/tags?post=16401"}],"curies":[{"name":"wp","href":"https:\/\/api.w.org\/{rel}","templated":true}]}}