{"id":16458,"date":"2025-07-05T19:43:13","date_gmt":"2025-07-05T22:43:13","guid":{"rendered":"https:\/\/diariodelujan.com\/xdeporte\/?p=16458"},"modified":"2025-07-06T17:20:12","modified_gmt":"2025-07-06T20:20:12","slug":"el-lujanero-quiere-seguir-en-racha","status":"publish","type":"post","link":"https:\/\/diariodelujan.com\/xdeporte\/el-lujanero-quiere-seguir-en-racha\/","title":{"rendered":"El Lujanero quiere seguir en racha y va por m\u00e1s ante Central Ballester"},"content":{"rendered":"<p><span style=\"font-family: georgia, palatino, serif; font-size: 14pt;\"><em>Este domingo, desde las 15:30 en el estadio 1\u00b0 de Abril, <a href=\"https:\/\/www.facebook.com\/www.clublujan.com.ar\" target=\"_blank\" rel=\"noopener\">el Lujanero<\/a> se medir\u00e1 ante Central Ballester por la d\u00e9cimo sexta fecha de la zona B de la Primera C.<\/em><\/span><\/p>\n<p><!--more--><\/p>\n<h3><span style=\"font-size: 14pt;\"><strong>El Lujanero quiere afirmarse<\/strong><\/span><\/h3>\n<p>El conjunto dirigido por Santiago Fredes viene de obtener un importante <a href=\"https:\/\/diariodelujan.com\/xdeporte\/el-lujanero-goleo-a-victoriano\/\" target=\"_blank\" rel=\"noopener\">triunfo como visitante frente a Victoriano Arenas<\/a>, en un partido donde mostr\u00f3 orden y contundencia. El <em>Lujanero<\/em> logr\u00f3 un 3-0 a su favor y ahora quiere que ese resultado sea un punto de inflexi\u00f3n de cara al Clausura.<\/p>\n<h3><span style=\"font-size: 14pt;\"><strong>Central Ballester, necesitado de puntos<\/strong><\/span><\/h3>\n<p>Del otro lado estar\u00e1 Central Ballester, que llega a este encuentro con la urgencia de sumar tras un arranque irregular en el certamen. El equipo todav\u00eda no encontr\u00f3 su mejor versi\u00f3n, pero suele ser un rival inc\u00f3modo, que se agranda en escenarios exigentes y que apuesta a una propuesta combativa.<\/p>\n<h3><span style=\"font-size: 14pt;\"><strong>El historial reciente<\/strong><\/span><\/h3>\n<p>En los \u00faltimos encuentros, Luj\u00e1n se qued\u00f3 con la victoria en el encuentro disputado en marzo del corriente a\u00f1o, cuando derrot\u00f3 a Ballester por 1-0. Sin embargo, el \u00faltimo partido disputado en el 1\u00b0 de Abril, el <em>Canalla<\/em> se llev\u00f3 los tres puntos tras una victoria 3-2.<\/p>\n","protected":false},"excerpt":{"rendered":"<p>Este domingo, desde las 15:30 en el estadio 1\u00b0 de Abril, el Lujanero se medir\u00e1 ante Central Ballester por la d\u00e9cimo sexta fecha de la zona B de la Primera C.<\/p>\n","protected":false},"author":3,"featured_media":14413,"comment_status":"closed","ping_status":"closed","sticky":false,"template":"","format":"standard","meta":{"tdm_status":"","tdm_grid_status":"","footnotes":""},"categories":[8],"tags":[232,173,117,184,130],"class_list":{"0":"post-16458","1":"post","2":"type-post","3":"status-publish","4":"format-standard","5":"has-post-thumbnail","7":"category-futbol","8":"tag-ballester","9":"tag-futbol","10":"tag-lujan","11":"tag-lujanero","12":"tag-primera-c"},"_links":{"self":[{"href":"https:\/\/diariodelujan.com\/xdeporte\/wp-json\/wp\/v2\/posts\/16458","targetHints":{"allow":["GET"]}}],"collection":[{"href":"https:\/\/diariodelujan.com\/xdeporte\/wp-json\/wp\/v2\/posts"}],"about":[{"href":"https:\/\/diariodelujan.com\/xdeporte\/wp-json\/wp\/v2\/types\/post"}],"author":[{"embeddable":true,"href":"https:\/\/diariodelujan.com\/xdeporte\/wp-json\/wp\/v2\/users\/3"}],"replies":[{"embeddable":true,"href":"https:\/\/diariodelujan.com\/xdeporte\/wp-json\/wp\/v2\/comments?post=16458"}],"version-history":[{"count":6,"href":"https:\/\/diariodelujan.com\/xdeporte\/wp-json\/wp\/v2\/posts\/16458\/revisions"}],"predecessor-version":[{"id":16468,"href":"https:\/\/diariodelujan.com\/xdeporte\/wp-json\/wp\/v2\/posts\/16458\/revisions\/16468"}],"wp:featuredmedia":[{"embeddable":true,"href":"https:\/\/diariodelujan.com\/xdeporte\/wp-json\/wp\/v2\/media\/14413"}],"wp:attachment":[{"href":"https:\/\/diariodelujan.com\/xdeporte\/wp-json\/wp\/v2\/media?parent=16458"}],"wp:term":[{"taxonomy":"category","embeddable":true,"href":"https:\/\/diariodelujan.com\/xdeporte\/wp-json\/wp\/v2\/categories?post=16458"},{"taxonomy":"post_tag","embeddable":true,"href":"https:\/\/diariodelujan.com\/xdeporte\/wp-json\/wp\/v2\/tags?post=16458"}],"curies":[{"name":"wp","href":"https:\/\/api.w.org\/{rel}","templated":true}]}}