{"id":16483,"date":"2025-07-09T00:15:26","date_gmt":"2025-07-09T03:15:26","guid":{"rendered":"https:\/\/diariodelujan.com\/xdeporte\/?p=16483"},"modified":"2025-07-09T18:40:02","modified_gmt":"2025-07-09T21:40:02","slug":"flandria-quiere-seguir-de-racha","status":"publish","type":"post","link":"https:\/\/diariodelujan.com\/xdeporte\/flandria-quiere-seguir-de-racha\/","title":{"rendered":"Flandria quiere seguir de racha ante Real Pilar"},"content":{"rendered":"<p><span style=\"font-family: georgia, palatino, serif; font-size: 14pt;\"><em><a href=\"https:\/\/www.facebook.com\/ClubsydFlandria\" target=\"_blank\" rel=\"noopener\">Flandria<\/a> visita al Monarca este mi\u00e9rcoles, por la fecha 3, con el objetivo de sostener su liderazgo en el Clausura de la B Metropolitana.<\/em><\/span><\/p>\n<p><!--more--><\/p>\n<p>Con puntaje perfecto y el \u00e1nimo por las nubes, Flandria se prepara para afrontar un nuevo desaf\u00edo en el Clausura de la Primera B Metropolitana. Este mi\u00e9rcoles desde las 15.05, el elenco de J\u00e1uregui se medir\u00e1 como visitante ante Real Pilar en el estadio Carlos Barraza, en un duelo correspondiente a la tercera fecha del campeonato.<\/p>\n<p>El encuentro ser\u00e1 arbitrado por Gabriel Guti\u00e9rrez y marcar\u00e1 una prueba importante para los dirigidos por Arnaldo \u201cCacho\u201d Sialle, que buscan consolidarse en lo m\u00e1s alto de la tabla.<\/p>\n<h3><span style=\"font-size: 14pt;\"><strong>Un comienzo ideal para Flandria<\/strong><\/span><\/h3>\n<p>El arranque de Flandria en este segundo certamen del a\u00f1o fue el so\u00f1ado. El fin de semana pasado, logr\u00f3 una trabajada victoria 1-0 ante UAI Urquiza en el Estadio Carlos V, sumando as\u00ed su segundo triunfo al hilo tras el debut exitoso frente a Sportivo Italiano.<\/p>\n<p>Con seis unidades sobre seis posibles, el <em>Canario<\/em> se ubica entre los l\u00edderes del Clausura, mostrando una identidad s\u00f3lida, intensidad en todas las l\u00edneas y una mejora notoria en comparaci\u00f3n con el irregular Apertura.<\/p>\n<p>M\u00e1s all\u00e1 del buen presente colectivo, el equipo tambi\u00e9n se destaca por rendimientos individuales que comienzan a consolidarse. Jugadores como Gianfranco Ottaviani, Nahuel Varela y Leandro Corulo vienen sosteniendo la estructura defensiva, mientras que en el mediocampo y el ataque hay variantes que han respondido con personalidad.<\/p>\n<h3><span style=\"font-size: 14pt;\"><strong>Sialle obligado a meter mano en el once<\/strong><\/span><\/h3>\n<p>De cara al compromiso ante el <em>Monarca<\/em>, el cuerpo t\u00e9cnico deber\u00e1 rearmar el equipo titular por varias bajas importantes. Dante Spitale lleg\u00f3 a la quinta tarjeta amarilla y deber\u00e1 cumplir una fecha de suspensi\u00f3n. Su lugar en la defensa podr\u00eda ser ocupado por Rodrigo Morales, una de las primeras opciones que maneja Sialle.<\/p>\n<p>Pero no es la \u00fanica modificaci\u00f3n obligada. Bautista Gonz\u00e1lez, una de las promesas surgidas del club, sufri\u00f3 un traumatismo en el tobillo que lo margina del encuentro. En su lugar, el juvenil Franco Schiavoni tendr\u00eda su oportunidad desde el arranque.<\/p>\n<p>Por otro lado, Daniel Gonz\u00e1lez, pieza clave en el mediocampo, padece un desgarro y se perder\u00e1 al menos un par de jornadas. Su reemplazante natural ser\u00eda Franco Bustamante, quien ya tuvo minutos en el torneo y conoce bien la funci\u00f3n.<\/p>\n<p>A pesar de estos contratiempos, la confianza del grupo se mantiene alta. La competencia interna ha elevado el nivel general del plantel y los jugadores que ingresan han demostrado estar a la altura.<\/p>\n<h3><span style=\"font-size: 14pt;\"><strong>Real Pilar, con la mira en recuperarse<\/strong><\/span><\/h3>\n<p>Del otro lado estar\u00e1 Real Pilar, un equipo que a\u00fan no ha podido sumar de a tres en este Clausura. En la fecha anterior, cay\u00f3 por 2-0 frente a Acassuso, sumando su segunda derrota consecutiva.<\/p>\n<p>Sin goles a favor y con un arranque preocupante, el <em>Monarca<\/em> buscar\u00e1 cambiar su imagen ante su gente y hacer valer la local\u00eda para frenar al encendido conjunto de J\u00e1uregui.<\/p>\n<h3><span style=\"font-size: 14pt;\"><strong>\u00daltimo encuentro<\/strong><\/span><\/h3>\n<p>En el duelo pasado entre ambos clubes, que se llev\u00f3 a cabo en febrero del corriente a\u00f1o, <a href=\"https:\/\/diariodelujan.com\/flandria-perdio-vs-real-pilar\/\" target=\"_blank\" rel=\"noopener\">Real Pilar derrot\u00f3 al <em>Canario<\/em><\/a> en el Carlos V por la m\u00ednima diferencia.<\/p>\n","protected":false},"excerpt":{"rendered":"<p>Flandria visita al Monarca este mi\u00e9rcoles, por la fecha 3, con el objetivo de sostener su liderazgo en el Clausura de la B Metropolitana.<\/p>\n","protected":false},"author":3,"featured_media":15721,"comment_status":"closed","ping_status":"closed","sticky":false,"template":"","format":"standard","meta":{"tdm_status":"","tdm_grid_status":"","footnotes":""},"categories":[8],"tags":[171,172,173,198,246],"class_list":{"0":"post-16483","1":"post","2":"type-post","3":"status-publish","4":"format-standard","5":"has-post-thumbnail","7":"category-futbol","8":"tag-canario","9":"tag-flandria","10":"tag-futbol","11":"tag-primera-b","12":"tag-real-pilar"},"_links":{"self":[{"href":"https:\/\/diariodelujan.com\/xdeporte\/wp-json\/wp\/v2\/posts\/16483","targetHints":{"allow":["GET"]}}],"collection":[{"href":"https:\/\/diariodelujan.com\/xdeporte\/wp-json\/wp\/v2\/posts"}],"about":[{"href":"https:\/\/diariodelujan.com\/xdeporte\/wp-json\/wp\/v2\/types\/post"}],"author":[{"embeddable":true,"href":"https:\/\/diariodelujan.com\/xdeporte\/wp-json\/wp\/v2\/users\/3"}],"replies":[{"embeddable":true,"href":"https:\/\/diariodelujan.com\/xdeporte\/wp-json\/wp\/v2\/comments?post=16483"}],"version-history":[{"count":3,"href":"https:\/\/diariodelujan.com\/xdeporte\/wp-json\/wp\/v2\/posts\/16483\/revisions"}],"predecessor-version":[{"id":16486,"href":"https:\/\/diariodelujan.com\/xdeporte\/wp-json\/wp\/v2\/posts\/16483\/revisions\/16486"}],"wp:featuredmedia":[{"embeddable":true,"href":"https:\/\/diariodelujan.com\/xdeporte\/wp-json\/wp\/v2\/media\/15721"}],"wp:attachment":[{"href":"https:\/\/diariodelujan.com\/xdeporte\/wp-json\/wp\/v2\/media?parent=16483"}],"wp:term":[{"taxonomy":"category","embeddable":true,"href":"https:\/\/diariodelujan.com\/xdeporte\/wp-json\/wp\/v2\/categories?post=16483"},{"taxonomy":"post_tag","embeddable":true,"href":"https:\/\/diariodelujan.com\/xdeporte\/wp-json\/wp\/v2\/tags?post=16483"}],"curies":[{"name":"wp","href":"https:\/\/api.w.org\/{rel}","templated":true}]}}