{"id":16487,"date":"2025-07-09T19:21:18","date_gmt":"2025-07-09T22:21:18","guid":{"rendered":"https:\/\/diariodelujan.com\/xdeporte\/?p=16487"},"modified":"2025-07-09T20:19:59","modified_gmt":"2025-07-09T23:19:59","slug":"flandria-consigue-un-empate","status":"publish","type":"post","link":"https:\/\/diariodelujan.com\/xdeporte\/flandria-consigue-un-empate\/","title":{"rendered":"Flandria consigui\u00f3 un empate ante Real Pilar en una visita de riesgo"},"content":{"rendered":"<p><span style=\"font-family: georgia, palatino, serif; font-size: 14pt;\"><em>Por la 3\u00b0 fecha del Torneo Clausura de la Primera B, <a href=\"https:\/\/www.facebook.com\/ClubsydFlandria\" target=\"_blank\" rel=\"noopener\">Flandria<\/a> visit\u00f3 a uno de los equipos m\u00e1s regulares del campeonato, Real Pilar, y logr\u00f3 un empate sin goles que le permite seguir como \u00fanico l\u00edder del certamen.<\/em><\/span><\/p>\n<p><!--more--><\/p>\n<p>El partido se jug\u00f3 este mi\u00e9rcoles en el estadio Carlos Barraza, bajo el arbitraje de Gabriel Guti\u00e9rrez. El conjunto local llegaba en alza tras vencer 2 a 0 a F\u00e9nix y se posicionaba tercero en el Clausura con cuatro puntos, adem\u00e1s de ocupar la segunda posici\u00f3n en la tabla general con 40 unidades. En tanto, Flandria, con <a href=\"https:\/\/diariodelujan.com\/xdeporte\/flandria-gano-ante-urquiza\/\" target=\"_blank\" rel=\"noopener\">dos victorias al hilo<\/a>, lideraba el Clausura con puntaje ideal (seis puntos) y marchaba 12\u00b0 en la acumulada con 28.<\/p>\n<h3><span style=\"font-size: 14pt;\"><strong>Bajas importantes y un equipo con variantes<\/strong><\/span><\/h3>\n<p>El t\u00e9cnico Arnaldo Sialle no la tuvo f\u00e1cil para armar el once inicial. A las bajas por lesi\u00f3n de Daniel Gonz\u00e1lez, Bautista Gonz\u00e1lez y Alejandro Gonz\u00e1lez, se le sum\u00f3 la suspensi\u00f3n por acumulaci\u00f3n de amarillas de Dante Spitale, una pieza clave en el mediocampo.<\/p>\n<p>Obligado a reestructurar el equipo, Sialle apost\u00f3 por las variantes. Franco Schiavoni, Alejandro Nalerio, Franco Bustamante y Thiago Echag\u00fce fueron los elegidos para reconfigurar el sector ofensivo del <em>Canario<\/em>, que desde el primer minuto mostr\u00f3 intenciones claras de ir a buscar el partido.<\/p>\n<h3><span style=\"font-size: 14pt;\"><strong>Flandria, m\u00e1s ambicioso pero sin premio<\/strong><\/span><\/h3>\n<p>El desarrollo del juego mostr\u00f3 a un Flandria con mayor iniciativa, intentando imponer condiciones desde la tenencia y la profundidad por las bandas. A pesar del buen trabajo defensivo de Real Pilar, el <em>Canario<\/em> gener\u00f3 varias chances para abrir el marcador.<\/p>\n<p>La m\u00e1s clara del primer tiempo la tuvo Nalerio, quien gan\u00f3 de cabeza tras un centro desde la derecha, pero su remate se fue desviado. M\u00e1s tarde, Palacio tambi\u00e9n intent\u00f3 con otro frentazo que no encontr\u00f3 arco, y sobre el cierre, Echag\u00fce inquiet\u00f3 con un remate desde media distancia que sali\u00f3 apenas afuera.<\/p>\n<p>En el complemento, el tr\u00e1mite no vari\u00f3 demasiado. Real Pilar intent\u00f3 explotar la contra con transiciones r\u00e1pidas, pero se top\u00f3 con una defensa bien plantada por parte del <em>Canario<\/em>. Flandria, en tanto, sigui\u00f3 buscando romper el cero, aunque sin claridad en los \u00faltimos metros.<\/p>\n<h3><span style=\"font-size: 14pt;\"><strong>Empate con sabor a poco, pero liderazgo intacto<\/strong><\/span><\/h3>\n<p>El 0 a 0 final dej\u00f3 sensaciones encontradas. Por un lado, Flandria extendi\u00f3 su invicto en el Clausura y suma siete puntos de nueve posibles, manteni\u00e9ndose en la cima de la tabla. Por el otro, qued\u00f3 la impresi\u00f3n de que el equipo de J\u00e1uregui podr\u00eda haberse llevado algo m\u00e1s si afinaba la punter\u00eda.<\/p>\n<p>De todos modos, el punto en una cancha dif\u00edcil y ante un rival directo en la lucha por el ascenso es valioso. Adem\u00e1s, en lo colectivo, el equipo volvi\u00f3 a mostrar solidez defensiva y una actitud proactiva para imponer condiciones, a\u00fan en un contexto adverso por las bajas.<\/p>\n<h3><span style=\"font-size: 14pt;\"><strong>Lo que viene<\/strong><\/span><\/h3>\n<p>Sin demasiado tiempo para lamentos ni celebraciones, Flandria ya piensa en su pr\u00f3ximo compromiso, que ser\u00e1 otra prueba de fuego: este domingo recibir\u00e1 a Villa San Carlos en el Carlos V, un equipo que tambi\u00e9n suma siete puntos.<\/p>\n","protected":false},"excerpt":{"rendered":"<p>Por la 3\u00b0 fecha del Torneo Clausura de la Primera B, Flandria visit\u00f3 a uno de los equipos m\u00e1s regulares del campeonato, Real Pilar, y logr\u00f3 un empate sin goles que le permite seguir como \u00fanico l\u00edder del certamen.<\/p>\n","protected":false},"author":3,"featured_media":16488,"comment_status":"closed","ping_status":"closed","sticky":false,"template":"","format":"standard","meta":{"tdm_status":"","tdm_grid_status":"","footnotes":""},"categories":[2,8],"tags":[171,172,173,198,246],"class_list":{"0":"post-16487","1":"post","2":"type-post","3":"status-publish","4":"format-standard","5":"has-post-thumbnail","7":"category-featured","8":"category-futbol","9":"tag-canario","10":"tag-flandria","11":"tag-futbol","12":"tag-primera-b","13":"tag-real-pilar"},"_links":{"self":[{"href":"https:\/\/diariodelujan.com\/xdeporte\/wp-json\/wp\/v2\/posts\/16487","targetHints":{"allow":["GET"]}}],"collection":[{"href":"https:\/\/diariodelujan.com\/xdeporte\/wp-json\/wp\/v2\/posts"}],"about":[{"href":"https:\/\/diariodelujan.com\/xdeporte\/wp-json\/wp\/v2\/types\/post"}],"author":[{"embeddable":true,"href":"https:\/\/diariodelujan.com\/xdeporte\/wp-json\/wp\/v2\/users\/3"}],"replies":[{"embeddable":true,"href":"https:\/\/diariodelujan.com\/xdeporte\/wp-json\/wp\/v2\/comments?post=16487"}],"version-history":[{"count":3,"href":"https:\/\/diariodelujan.com\/xdeporte\/wp-json\/wp\/v2\/posts\/16487\/revisions"}],"predecessor-version":[{"id":16491,"href":"https:\/\/diariodelujan.com\/xdeporte\/wp-json\/wp\/v2\/posts\/16487\/revisions\/16491"}],"wp:featuredmedia":[{"embeddable":true,"href":"https:\/\/diariodelujan.com\/xdeporte\/wp-json\/wp\/v2\/media\/16488"}],"wp:attachment":[{"href":"https:\/\/diariodelujan.com\/xdeporte\/wp-json\/wp\/v2\/media?parent=16487"}],"wp:term":[{"taxonomy":"category","embeddable":true,"href":"https:\/\/diariodelujan.com\/xdeporte\/wp-json\/wp\/v2\/categories?post=16487"},{"taxonomy":"post_tag","embeddable":true,"href":"https:\/\/diariodelujan.com\/xdeporte\/wp-json\/wp\/v2\/tags?post=16487"}],"curies":[{"name":"wp","href":"https:\/\/api.w.org\/{rel}","templated":true}]}}