{"id":16493,"date":"2025-07-10T14:46:13","date_gmt":"2025-07-10T17:46:13","guid":{"rendered":"https:\/\/diariodelujan.com\/xdeporte\/?p=16493"},"modified":"2025-07-10T14:46:13","modified_gmt":"2025-07-10T17:46:13","slug":"hoy-por-ti-una-jornada-unica-de-deporte-y-solidaridad","status":"publish","type":"post","link":"https:\/\/diariodelujan.com\/xdeporte\/hoy-por-ti-una-jornada-unica-de-deporte-y-solidaridad\/","title":{"rendered":"&#8220;Hoy por Ti&#8221;, una jornada \u00fanica de deporte y solidaridad"},"content":{"rendered":"<p><span style=\"font-family: georgia, palatino, serif; font-size: 18px;\"><em>Este 9 de julio, la ciudad de Luj\u00e1n fue escenario de <strong>Hoy por Ti<\/strong>, una jornada \u00fanica que combin\u00f3 deporte, compromiso social y un fuerte esp\u00edritu comunitario.<\/em><\/span><\/p>\n<p><!--more--><\/p>\n<p>En una nueva edici\u00f3n de<strong> Hoy por Ti<\/strong>, el programa de impacto social de <a href=\"https:\/\/www.argensun.com.ar\/\" target=\"_blank\" rel=\"noopener\">Argensun Foods<\/a> que une la actividad f\u00edsica con la solidaridad, se vivi\u00f3 una fiesta multitudinaria con m\u00e1s de 4800 participantes, adem\u00e1s de las familias y vecinos que se sumaron a alentar a los corredores y compartir el d\u00eda.<\/p>\n<p><a href=\"https:\/\/diariodelujan.com\/wp-content\/uploads\/2025\/07\/Hoy-por-Ti-Lujan-2025-2a.webp\"><img loading=\"lazy\" decoding=\"async\" class=\"alignnone size-full wp-image-30507\" src=\"https:\/\/diariodelujan.com\/wp-content\/uploads\/2025\/07\/Hoy-por-Ti-Lujan-2025-2a.webp\" alt=\"Hoy por Ti\" width=\"900\" height=\"600\" title=\"\"><\/a><\/p>\n<h3><span style=\"font-size: 16px;\"><strong> Hoy por Ti, una carrera \u00fanica<\/strong><\/span><\/h3>\n<p>La carrera ofreci\u00f3 m\u00faltiples distancias para todos los niveles: 1K y 5K participativos, 10K competitivos, y la gran novedad de la jornada: la primera media marat\u00f3n de 21K, que no solo marc\u00f3 un hito para el programa, sino tambi\u00e9n para la ciudad.<\/p>\n<p>Como en cada edici\u00f3n, los asistentes acercaron m\u00e1s de 24 mil alimentos no perecederos, que fueron donados en su totalidad a dos organizaciones sociales locales: Granito de Arena y Comedor Hijos del Coraz\u00f3n de Norma Ramos. Esta acci\u00f3n forma parte del coraz\u00f3n de Hoy por Ti que naci\u00f3 en 2020 y que, desde entonces, viene creciendo con fuerza en cada ciudad donde se realiza.<\/p>\n<p>Hoy por Ti responde a los pilares que sostiene el grupo agroindustrial Argensun Foods d\u00eda a d\u00eda: el compromiso, la solidaridad y el trabajo en equipo. M\u00e1s que una carrera, fue una verdadera muestra de c\u00f3mo el deporte puede movilizar a toda una comunidad en favor de quienes m\u00e1s lo necesitan.<\/p>\n<p><a href=\"https:\/\/diariodelujan.com\/wp-content\/uploads\/2025\/07\/Hoy-por-Ti-Lujan-2025-3a.webp\"><img loading=\"lazy\" decoding=\"async\" class=\"alignnone size-full wp-image-30508\" src=\"https:\/\/diariodelujan.com\/wp-content\/uploads\/2025\/07\/Hoy-por-Ti-Lujan-2025-3a.webp\" alt=\"Hoy por Ti\" width=\"900\" height=\"600\" title=\"\"><\/a><\/p>\n<p>Todos los participantes recibieron la medalla oficial de la carrera y hubo premios para cada uno de los ganadores. En la categor\u00eda de 21K femeninos, la primera en llegar a la meta fue Natalia <strong>Vel\u00e1zquez<\/strong>. En segundo lugar, cruz\u00f3 el arco de llegada Angelina Reyes, y Mar\u00eda Altesi logr\u00f3 el tercer puesto. En la misma categor\u00eda masculina, Alan Niestroj fue el primero en finalizar el recorrido. En segundo lugar lleg\u00f3 Gaspar Andreoni y Rodrigo Jamargo, conquist\u00f3 el tercer puesto.<\/p>\n<p><a href=\"https:\/\/diariodelujan.com\/wp-content\/uploads\/2025\/07\/Hoy-por-Ti-Lujan-2025-5a.webp\"><img loading=\"lazy\" decoding=\"async\" class=\"alignnone size-full wp-image-30510\" src=\"https:\/\/diariodelujan.com\/wp-content\/uploads\/2025\/07\/Hoy-por-Ti-Lujan-2025-5a.webp\" alt=\"Hoy por Ti\" width=\"900\" height=\"596\" title=\"\"><\/a><\/p>\n<p>En la <a href=\"https:\/\/diariodelujan.com\/xdeporte\/tercera-carrera-de-la-virgen\/\">carrera<\/a> de 10K femeninos, Melani Ilundain fue la primera en llegar a la meta, le siguieron Daniela Lavalle en el segundo lugar y Nica Vargas en el tercero. En la carrera de 10K masculino, el podio estuvo liderado por Gonzalo Camusso, mientras que Juan Manuel Galvan logr\u00f3 el segundo lugar y Ariel Melian, el tercer puesto.<\/p>\n<p>Y en los 5K femeninos, la primera en llegar fue Sabrina Ariazola, seguida de Mariel Ram\u00edrez en segundo lugar, y Amel\u00ed Angelini en el tercer puesto. Mientras que, en los 5K masculinos, Ezequiel Ovelar lleg\u00f3 en primer lugar, seguido de Jonatan Zavala en segundo lugar y Salvador Galant en el tercero.<\/p>\n<p><a href=\"https:\/\/diariodelujan.com\/wp-content\/uploads\/2025\/07\/Hoy-por-Ti-Lujan-2025-4a.webp\"><img loading=\"lazy\" decoding=\"async\" class=\"alignnone size-full wp-image-30509\" src=\"https:\/\/diariodelujan.com\/wp-content\/uploads\/2025\/07\/Hoy-por-Ti-Lujan-2025-4a.webp\" alt=\"Hoy por Ti\" width=\"900\" height=\"679\" title=\"\"><\/a><\/p>\n<p>\u00a1La pr\u00f3xima carrera ya tiene fecha! Ser\u00e1 el 31 de agosto en La Falda, C\u00f3rdoba. \u00a1Los esperamos!<\/p>\n","protected":false},"excerpt":{"rendered":"<p>Este 9 de julio, la ciudad de Luj\u00e1n fue escenario de Hoy por Ti, una jornada \u00fanica que combin\u00f3 deporte, compromiso social y un fuerte esp\u00edritu comunitario.<\/p>\n","protected":false},"author":4,"featured_media":16494,"comment_status":"closed","ping_status":"closed","sticky":false,"template":"","format":"standard","meta":{"tdm_status":"","tdm_grid_status":"","footnotes":""},"categories":[112,2],"tags":[496,33,266],"class_list":{"0":"post-16493","1":"post","2":"type-post","3":"status-publish","4":"format-standard","5":"has-post-thumbnail","7":"category-atletismo","8":"category-featured","9":"tag-argensun-food","10":"tag-carrera","11":"tag-hoy-por-ti"},"_links":{"self":[{"href":"https:\/\/diariodelujan.com\/xdeporte\/wp-json\/wp\/v2\/posts\/16493","targetHints":{"allow":["GET"]}}],"collection":[{"href":"https:\/\/diariodelujan.com\/xdeporte\/wp-json\/wp\/v2\/posts"}],"about":[{"href":"https:\/\/diariodelujan.com\/xdeporte\/wp-json\/wp\/v2\/types\/post"}],"author":[{"embeddable":true,"href":"https:\/\/diariodelujan.com\/xdeporte\/wp-json\/wp\/v2\/users\/4"}],"replies":[{"embeddable":true,"href":"https:\/\/diariodelujan.com\/xdeporte\/wp-json\/wp\/v2\/comments?post=16493"}],"version-history":[{"count":2,"href":"https:\/\/diariodelujan.com\/xdeporte\/wp-json\/wp\/v2\/posts\/16493\/revisions"}],"predecessor-version":[{"id":16496,"href":"https:\/\/diariodelujan.com\/xdeporte\/wp-json\/wp\/v2\/posts\/16493\/revisions\/16496"}],"wp:featuredmedia":[{"embeddable":true,"href":"https:\/\/diariodelujan.com\/xdeporte\/wp-json\/wp\/v2\/media\/16494"}],"wp:attachment":[{"href":"https:\/\/diariodelujan.com\/xdeporte\/wp-json\/wp\/v2\/media?parent=16493"}],"wp:term":[{"taxonomy":"category","embeddable":true,"href":"https:\/\/diariodelujan.com\/xdeporte\/wp-json\/wp\/v2\/categories?post=16493"},{"taxonomy":"post_tag","embeddable":true,"href":"https:\/\/diariodelujan.com\/xdeporte\/wp-json\/wp\/v2\/tags?post=16493"}],"curies":[{"name":"wp","href":"https:\/\/api.w.org\/{rel}","templated":true}]}}