{"id":16610,"date":"2025-07-26T22:44:23","date_gmt":"2025-07-27T01:44:23","guid":{"rendered":"https:\/\/diariodelujan.com\/xdeporte\/?p=16610"},"modified":"2025-08-02T20:22:16","modified_gmt":"2025-08-02T23:22:16","slug":"papeschi-vuelve-al-ring","status":"publish","type":"post","link":"https:\/\/diariodelujan.com\/xdeporte\/papeschi-vuelve-al-ring\/","title":{"rendered":"Papeschi vuelve al ring en busca el t\u00edtulo argentino mediano"},"content":{"rendered":"<p><span style=\"font-family: georgia, palatino, serif; font-size: 18px;\"><em>El reconocido p\u00fagil lujanense Sebasti\u00e1n \u201cLa Promesa\u201d Papeschi regresa al cuadril\u00e1tero el pr\u00f3ximo <strong>1 de agosto<\/strong> para disputar una pelea decisiva por el <strong>t\u00edtulo Argentino Mediano<\/strong>.<\/em><\/span><\/p>\n<p><!--more--><\/p>\n<p>El combate tendr\u00e1 lugar en el estadio de la <strong>Federaci\u00f3n Argentina de Box<\/strong> en la Ciudad Aut\u00f3noma de Buenos Aires y ser\u00e1 transmitido en vivo por TyC Sports, lo que anticipa una velada de alto voltaje para los amantes del boxeo nacional.<\/p>\n<p>Ser\u00e1 el esperado retorno del boxeador oriundo del barrio Lanusse, quien vuelve al ring tras casi nueve meses de inactividad. Su \u00faltima presentaci\u00f3n fue el <strong>26 de octubre de 2024<\/strong>, cuando enfrent\u00f3 en <strong>Polonia<\/strong> al invicto ucraniano <strong>Fiodor Czerkaszyn<\/strong> por el <strong>t\u00edtulo Internacional del <a href=\"https:\/\/www.wbaboxing.com\/es\/tag\/consejo-mundial-de-boxeo\" target=\"_blank\" rel=\"noopener\">Consejo Mundial de Boxeo<\/a> (WBC)<\/strong>. En aquella oportunidad, la pelea se resolvi\u00f3 por decisi\u00f3n de los jueces a favor del local tras diez rounds intensos.<\/p>\n<p>Ahora, <a href=\"https:\/\/diariodelujan.com\/papeschi-no-pudo\/\">Papeschi<\/a> buscar\u00e1 recuperar protagonismo en el escenario nacional frente a <strong>Kevin Z\u00e1rate<\/strong>, un rival que representa una verdadera prueba de fuego. El t\u00edtulo argentino mediano est\u00e1 en juego, y el combate se perfila como un nuevo cap\u00edtulo en la destacada trayectoria del boxeador lujanense, que ya ha demostrado su capacidad para brillar tanto en el \u00e1mbito local como internacional.<\/p>\n<h3>Una carrera marcada por t\u00edtulos y logros<\/h3>\n<p>A lo largo de los \u00faltimos a\u00f1os, <strong>Papeschi<\/strong> ha construido una carrera s\u00f3lida y respetada dentro del circuito profesional. Su nombre ha estado vinculado de forma constante con t\u00edtulos relevantes y victorias memorables.<\/p>\n<p><a href=\"https:\/\/diariodelujan.com\/wp-content\/uploads\/2025\/07\/Papeschi-2.webp\"><img loading=\"lazy\" decoding=\"async\" class=\"alignnone size-full wp-image-30186\" src=\"https:\/\/diariodelujan.com\/wp-content\/uploads\/2025\/07\/Papeschi-2.webp\" alt=\"Papeschi vuelve al ring \" width=\"700\" height=\"601\" title=\"\"><\/a><\/p>\n<p>Uno de sus triunfos m\u00e1s resonantes se dio el <strong>21 de octubre de 2022<\/strong> en <strong>Bah\u00eda Blanca<\/strong>, cuando se midi\u00f3 con el rionegrino <strong>Jairo Ariel Rayman<\/strong> por el <strong>t\u00edtulo Sudamericano Mediopesado<\/strong>. En una noche inolvidable, derrib\u00f3 dos veces a su rival con potentes derechazos y se impuso por <strong>nocaut t\u00e9cnico en el octavo round<\/strong>, llev\u00e1ndose la corona y el aplauso del p\u00fablico.<\/p>\n<p>El a\u00f1o siguiente, <strong>el 26 de agosto de 2023<\/strong>, volvi\u00f3 a subirse al ring, esta vez en <strong>C\u00f3rdoba<\/strong>, para enfrentar al mexicano <strong>Diego Carmona<\/strong> por el <strong>t\u00edtulo Latino Mediano de la Federaci\u00f3n Internacional de Boxeo (FIB)<\/strong>. En una pelea a 10 asaltos, fue ampliamente superior y logr\u00f3 una victoria por <strong>fallo un\u00e1nime<\/strong>, que le permiti\u00f3 sumar un nuevo cintur\u00f3n a su palmar\u00e9s.<\/p>\n<p>Pero su consagraci\u00f3n m\u00e1s significativa lleg\u00f3 el <strong>23 de marzo de 2024<\/strong> en el <strong>Casino de Buenos Aires<\/strong>, donde enfrent\u00f3 a <strong>Gabriel \u201cEl Franc\u00e9s\u201d Bloisse<\/strong>. En una pelea pareja, Papeschi fue m\u00e1s inteligente, constante y t\u00e9cnico, y logr\u00f3 imponerse nuevamente en las tarjetas por fallo un\u00e1nime. As\u00ed, se qued\u00f3 con el <strong>t\u00edtulo Sudamericano Mediano<\/strong>, una corona que alguna vez supo lucir el legendario <strong>Carlos Monz\u00f3n<\/strong>. Con esta victoria, <strong>se convirti\u00f3 en el primer argentino en consagrarse campe\u00f3n sudamericano en tres categor\u00edas diferentes<\/strong>, un hecho hist\u00f3rico para el boxeo nacional.<\/p>\n<p>Unos meses despu\u00e9s, el <strong>23 de agosto<\/strong>, volvi\u00f3 a deslumbrar en el mismo escenario del Casino de Buenos Aires durante el evento \u201c<strong>Knock Out a las Drogas<\/strong>\u201d. All\u00ed, derrot\u00f3 por <strong>nocaut en el quinto round<\/strong> a <strong>Diego Ram\u00edrez<\/strong> y se qued\u00f3 con el <strong>t\u00edtulo Mediano FedeCaribe de la Asociaci\u00f3n Mundial de Boxeo (AMB)<\/strong>. Su excelente estado f\u00edsico, sumado a su precisi\u00f3n y experiencia, fueron claves para alzarse con el cintur\u00f3n.<\/p>\n<h3>Una promesa que se reafirma<\/h3>\n<p>Apodado <strong>\u201cLa Promesa\u201d<\/strong>, Sebasti\u00e1n Papeschi no solo ha cumplido con las expectativas que gener\u00f3 en sus comienzos, sino que las ha superado con creces. A sus <strong>33 a\u00f1os<\/strong>, se mantiene competitivo, ambicioso y con hambre de gloria, decidido a seguir escribiendo p\u00e1ginas importantes en la historia del boxeo argentino.<\/p>\n<p>La pr\u00f3xima pelea frente a Kevin Z\u00e1rate representa un nuevo punto de inflexi\u00f3n en su carrera. M\u00e1s all\u00e1 del cintur\u00f3n argentino mediano, lo que est\u00e1 en juego es la posibilidad de volver a posicionarse como uno de los principales referentes del peso medio a nivel continental, con aspiraciones concretas de dar el salto nuevamente al plano internacional.<\/p>\n<p><a href=\"https:\/\/diariodelujan.com\/wp-content\/uploads\/2025\/07\/Papeschi-1.webp\"><img loading=\"lazy\" decoding=\"async\" class=\"alignnone size-full wp-image-30185\" src=\"https:\/\/diariodelujan.com\/wp-content\/uploads\/2025\/07\/Papeschi-1.webp\" alt=\"Papeschi vuelve al ring \" width=\"650\" height=\"530\" title=\"\"><\/a><\/p>\n<h3>Expectativa en Luj\u00e1n y apoyo popular<\/h3>\n<p>En su ciudad natal, <strong>Luj\u00e1n<\/strong>, el nombre de Papeschi genera admiraci\u00f3n y orgullo. Su camino ha sido ejemplo de perseverancia, entrenamiento riguroso y disciplina, y cada vez que sube al ring, lo hace representando no solo a su barrio, sino a toda una comunidad que lo sigue de cerca.<\/p>\n<p>El combate del <strong>1 de agosto<\/strong> no ser\u00e1 la excepci\u00f3n. Las redes sociales ya replican mensajes de apoyo y aliento al boxeador lujanense, mientras muchos se preparan para seguir la velada en vivo a trav\u00e9s de la pantalla chica o, incluso, asistir a la Federaci\u00f3n Argentina de Box para presenciar el evento en primera fila.<\/p>\n<h3>Palabra clave del boxeo argentino<\/h3>\n<p><strong>Papeschi<\/strong> se ha consolidado como una figura clave del boxeo argentino en los \u00faltimos a\u00f1os. Sus logros, constancia y profesionalismo lo ubican entre los mejores de su generaci\u00f3n. Y si bien ha tenido altibajos, como toda carrera deportiva, cada regreso ha sido una muestra de car\u00e1cter, crecimiento y madurez.<\/p>\n<p>El 1 de agosto ser\u00e1 una nueva oportunidad para reafirmar su lugar entre los grandes. El t\u00edtulo argentino mediano est\u00e1 en disputa, pero m\u00e1s all\u00e1 del cintur\u00f3n, lo que Papeschi buscar\u00e1 esa noche ser\u00e1 continuar demostrando que su promesa sigue viva\u2026 y que a\u00fan tiene mucho m\u00e1s para dar sobre el ring.<\/p>\n","protected":false},"excerpt":{"rendered":"<p>El reconocido p\u00fagil lujanense Sebasti\u00e1n \u201cLa Promesa\u201d Papeschi regresa al cuadril\u00e1tero el pr\u00f3ximo 1 de agosto para disputar una pelea decisiva por el t\u00edtulo Argentino Mediano.<\/p>\n","protected":false},"author":4,"featured_media":16612,"comment_status":"closed","ping_status":"closed","sticky":false,"template":"","format":"standard","meta":{"tdm_status":"","tdm_grid_status":"","footnotes":""},"categories":[113],"tags":[90,92],"class_list":{"0":"post-16610","1":"post","2":"type-post","3":"status-publish","4":"format-standard","5":"has-post-thumbnail","7":"category-boxeo","8":"tag-boxeo","9":"tag-papeschi"},"_links":{"self":[{"href":"https:\/\/diariodelujan.com\/xdeporte\/wp-json\/wp\/v2\/posts\/16610","targetHints":{"allow":["GET"]}}],"collection":[{"href":"https:\/\/diariodelujan.com\/xdeporte\/wp-json\/wp\/v2\/posts"}],"about":[{"href":"https:\/\/diariodelujan.com\/xdeporte\/wp-json\/wp\/v2\/types\/post"}],"author":[{"embeddable":true,"href":"https:\/\/diariodelujan.com\/xdeporte\/wp-json\/wp\/v2\/users\/4"}],"replies":[{"embeddable":true,"href":"https:\/\/diariodelujan.com\/xdeporte\/wp-json\/wp\/v2\/comments?post=16610"}],"version-history":[{"count":1,"href":"https:\/\/diariodelujan.com\/xdeporte\/wp-json\/wp\/v2\/posts\/16610\/revisions"}],"predecessor-version":[{"id":16611,"href":"https:\/\/diariodelujan.com\/xdeporte\/wp-json\/wp\/v2\/posts\/16610\/revisions\/16611"}],"wp:featuredmedia":[{"embeddable":true,"href":"https:\/\/diariodelujan.com\/xdeporte\/wp-json\/wp\/v2\/media\/16612"}],"wp:attachment":[{"href":"https:\/\/diariodelujan.com\/xdeporte\/wp-json\/wp\/v2\/media?parent=16610"}],"wp:term":[{"taxonomy":"category","embeddable":true,"href":"https:\/\/diariodelujan.com\/xdeporte\/wp-json\/wp\/v2\/categories?post=16610"},{"taxonomy":"post_tag","embeddable":true,"href":"https:\/\/diariodelujan.com\/xdeporte\/wp-json\/wp\/v2\/tags?post=16610"}],"curies":[{"name":"wp","href":"https:\/\/api.w.org\/{rel}","templated":true}]}}