{"id":16620,"date":"2025-08-02T03:05:47","date_gmt":"2025-08-02T06:05:47","guid":{"rendered":"https:\/\/diariodelujan.com\/xdeporte\/?p=16620"},"modified":"2025-08-02T19:21:13","modified_gmt":"2025-08-02T22:21:13","slug":"el-lujanero-recibe-al-gallego","status":"publish","type":"post","link":"https:\/\/diariodelujan.com\/xdeporte\/el-lujanero-recibe-al-gallego\/","title":{"rendered":"El Lujanero va por el triunfo ante Centro Espa\u00f1ol"},"content":{"rendered":"<p><span style=\"font-size: 14pt; font-family: georgia, palatino, serif;\"><em>Este s\u00e1bado desde las 15:30, en el estadio 1\u00b0 de Abril, <a href=\"https:\/\/www.facebook.com\/www.clublujan.com.ar\" target=\"_blank\" rel=\"noopener\">el Lujanero<\/a> volver\u00e1 a presentarse ante su gente en un duelo clave por la vig\u00e9sima fecha de la Zona B del torneo de la Primera C.<\/em> <\/span><\/p>\n<p><!--more--><\/p>\n<p>El <em>Lujanero<\/em>, que <a href=\"https:\/\/diariodelujan.com\/xdeporte\/el-lujanero-rescato-un-empate\/\" target=\"_blank\" rel=\"noopener\">viene de empatar ante Lamadrid<\/a>, ser\u00e1 anfitri\u00f3n de este nuevo cruce ante Centro Espa\u00f1ol, y el \u00e1rbitro designado para impartir justicia ser\u00e1 Iv\u00e1n Castel\u00fa Coca.<\/p>\n<h3><span style=\"font-size: 14pt;\"><strong>Un Lujanero que quiere m\u00e1s<\/strong><\/span><\/h3>\n<p>El equipo dirigido por la dupla t\u00e9cnica sigue mostrando car\u00e1cter y competitividad, pero en las \u00faltimas fechas le ha faltado ese plus para traducirlo en victorias. El pasado fin de semana, igual\u00f3 1-1 ante Lamadrid, en condici\u00f3n de visitante, sumando su segundo empate consecutivo. Esa seguidilla de paridades ha generado cierto estancamiento en la tabla y lo ha alejado moment\u00e1neamente de la cima, donde los l\u00edderes aprovechan cada tropiezo ajeno para estirar ventajas.<\/p>\n<p>Por eso, el compromiso de este s\u00e1bado se presenta como una gran oportunidad para reencontrarse con el triunfo, reforzar la local\u00eda y seguir firme en la pelea por el ascenso. En lo futbol\u00edstico, el equipo ha demostrado solidez defensiva y buena circulaci\u00f3n de bal\u00f3n, pero necesita mayor contundencia en los metros finales para convertir el dominio en goles.<\/p>\n<h3><span style=\"font-size: 14pt;\"><strong>El rival: Centro Espa\u00f1ol, en busca de regularidad<\/strong><\/span><\/h3>\n<p>Centro Espa\u00f1ol llegar\u00e1 a este encuentro con una campa\u00f1a irregular, pero con intenciones claras de escalar posiciones. El elenco del oeste bonaerense se ha caracterizado por su intensidad en el mediocampo y por no dar pelotas por perdidas, aunque sufre en defensa cuando le juegan con velocidad por las bandas.<\/p>\n<p>El cuerpo t\u00e9cnico del <em>Lujanero<\/em> deber\u00e1 tomar nota de estas falencias para aprovecharlas en ofensiva. La clave estar\u00e1 en la capacidad del conjunto de la Bas\u00edlica para imponer condiciones desde el inicio, mantener el control de la pelota y aprovechar los momentos justos para lastimar.<\/p>\n<h3><span style=\"font-size: 14pt;\"><strong>Margen cada vez m\u00e1s fino<\/strong><\/span><\/h3>\n<p>Con el torneo en su tramo decisivo, cada punto empieza a valer oro. El <em>Lujanero<\/em> no quiere resignar terreno frente a los principales contendientes al ascenso. Volver al triunfo no solo significar\u00eda sumar de a tres, sino tambi\u00e9n un empuj\u00f3n an\u00edmico fundamental para encarar la recta final del Clausura con confianza y ambici\u00f3n.<\/p>\n","protected":false},"excerpt":{"rendered":"<p>Este s\u00e1bado desde las 15:30, en el estadio 1\u00b0 de Abril, el Lujanero volver\u00e1 a presentarse ante su gente en un duelo clave por la vig\u00e9sima fecha de la Zona B del torneo de la Primera C.<\/p>\n","protected":false},"author":3,"featured_media":15069,"comment_status":"closed","ping_status":"closed","sticky":false,"template":"","format":"standard","meta":{"tdm_status":"","tdm_grid_status":"","footnotes":""},"categories":[8],"tags":[237,173,117,184,130],"class_list":{"0":"post-16620","1":"post","2":"type-post","3":"status-publish","4":"format-standard","5":"has-post-thumbnail","8":"tag-centro-espanol","9":"tag-futbol","10":"tag-lujan","11":"tag-lujanero","12":"tag-primera-c"},"_links":{"self":[{"href":"https:\/\/diariodelujan.com\/xdeporte\/wp-json\/wp\/v2\/posts\/16620","targetHints":{"allow":["GET"]}}],"collection":[{"href":"https:\/\/diariodelujan.com\/xdeporte\/wp-json\/wp\/v2\/posts"}],"about":[{"href":"https:\/\/diariodelujan.com\/xdeporte\/wp-json\/wp\/v2\/types\/post"}],"author":[{"embeddable":true,"href":"https:\/\/diariodelujan.com\/xdeporte\/wp-json\/wp\/v2\/users\/3"}],"replies":[{"embeddable":true,"href":"https:\/\/diariodelujan.com\/xdeporte\/wp-json\/wp\/v2\/comments?post=16620"}],"version-history":[{"count":2,"href":"https:\/\/diariodelujan.com\/xdeporte\/wp-json\/wp\/v2\/posts\/16620\/revisions"}],"predecessor-version":[{"id":16622,"href":"https:\/\/diariodelujan.com\/xdeporte\/wp-json\/wp\/v2\/posts\/16620\/revisions\/16622"}],"wp:featuredmedia":[{"embeddable":true,"href":"https:\/\/diariodelujan.com\/xdeporte\/wp-json\/wp\/v2\/media\/15069"}],"wp:attachment":[{"href":"https:\/\/diariodelujan.com\/xdeporte\/wp-json\/wp\/v2\/media?parent=16620"}],"wp:term":[{"taxonomy":"category","embeddable":true,"href":"https:\/\/diariodelujan.com\/xdeporte\/wp-json\/wp\/v2\/categories?post=16620"},{"taxonomy":"post_tag","embeddable":true,"href":"https:\/\/diariodelujan.com\/xdeporte\/wp-json\/wp\/v2\/tags?post=16620"}],"curies":[{"name":"wp","href":"https:\/\/api.w.org\/{rel}","templated":true}]}}