{"id":16692,"date":"2025-08-09T10:56:05","date_gmt":"2025-08-09T13:56:05","guid":{"rendered":"https:\/\/diariodelujan.com\/xdeporte\/?p=16692"},"modified":"2025-08-09T10:56:28","modified_gmt":"2025-08-09T13:56:28","slug":"el-deporte-gratuito-continua","status":"publish","type":"post","link":"https:\/\/diariodelujan.com\/xdeporte\/el-deporte-gratuito-continua\/","title":{"rendered":"El deporte gratuito contin\u00faa en el segundo semestre del 2025"},"content":{"rendered":"<p><span style=\"font-family: georgia, palatino, serif; font-size: 18px;\"><em>Luj\u00e1n refuerza su compromiso con el deporte promoviendo la actividad f\u00edsica y la vida saludable, ofreciendo y propuestas recreativas gratuitas en distintos espacios del distrito.<\/em><\/span><\/p>\n<p><!--more--><\/p>\n<p>Estas iniciativas, impulsadas por las <strong>Escuelas Deportivas Municipales<\/strong>, se consolidan como una herramienta clave para fomentar la salud, la integraci\u00f3n comunitaria y el desarrollo personal.<\/p>\n<p>\u201cTodas las propuestas est\u00e1n coordinadas por profesores de reconocida experiencia y cuentan con la infraestructura necesaria para garantizar una pr\u00e1ctica segura y de calidad. Invitamos nuevamente a toda la comunidad de Luj\u00e1n a inscribirse e incorporar una actividad saludable\u201d, destac\u00f3 el secretario de Desarrollo Humano.<\/p>\n<h3><strong>Una agenda deportiva para todos los gustos<\/strong><\/h3>\n<p>La propuesta municipal est\u00e1 pensada para todas las edades y niveles, desde ni\u00f1os y j\u00f3venes hasta adultos y personas mayores. El objetivo es que cada vecino encuentre un espacio donde disfrutar del deporte, mejorar su condici\u00f3n f\u00edsica y socializar en un entorno inclusivo.<\/p>\n<p>Entre las disciplinas disponibles se encuentran:<\/p>\n<ul>\n<li><strong>Artes marciales y deportes de contacto:<\/strong> Taekwondo, karate, capoeira, boxeo (12 a 18 a\u00f1os y mayores de 18).<\/li>\n<li><strong>Deportes en equipo:<\/strong> F\u00fatbol mixto, f\u00fatbol femenino, f\u00fatbol adolescente (16 a 18 a\u00f1os), hockey (menores, juveniles y adultos), b\u00e1squet (desde los 5 a\u00f1os), handball y v\u00f3ley.<\/li>\n<li><strong>Actividades aer\u00f3bicas y de acondicionamiento:<\/strong> Stretching, funcional, aerolocal, gimnasia localizada, caminata (desde los 18 a\u00f1os) y zumba.<\/li>\n<li><strong>Deportes individuales y recreativos:<\/strong> Atletismo, tenis, skate, BMX, rollers y quad skate, pat\u00edn art\u00edstico, badminton, pool y pool art\u00edstico.<\/li>\n<li><strong>Propuestas para ni\u00f1os y familias:<\/strong> Multideportes (7 a 14 a\u00f1os) y jornadas deportivas con merienda.<\/li>\n<li><strong>Programas para adultos y mayores:<\/strong> Educaci\u00f3n f\u00edsica para adultos, actividades de la Subdirecci\u00f3n de Promoci\u00f3n de Derechos de Personas Mayores y encuentros en el Centro Comunitario de Open Door.<\/li>\n<\/ul>\n<h3><strong>Deporte como motor de salud e integraci\u00f3n<\/strong><\/h3>\n<p>M\u00e1s all\u00e1 de la actividad f\u00edsica, las<strong> Escuelas Deportivas Municipales<\/strong> promueven valores como el trabajo en equipo, el respeto, la superaci\u00f3n personal y la inclusi\u00f3n social. La gratuidad de estas propuestas garantiza que cualquier vecino, sin importar su situaci\u00f3n econ\u00f3mica, pueda acceder a pr\u00e1cticas deportivas de calidad.<\/p>\n<p>En un contexto donde el sedentarismo y el estr\u00e9s impactan cada vez m\u00e1s en la salud, Luj\u00e1n apuesta por el <a href=\"https:\/\/diariodelujan.com\/hoy-por-ti-una-jornada-unica-de-deporte-y-solidaridad\/\"><strong>deporte<\/strong> <\/a>como una pol\u00edtica p\u00fablica esencial para mejorar la calidad de vida de la poblaci\u00f3n.<\/p>\n<h3><strong>C\u00f3mo participar<\/strong><\/h3>\n<p>Quienes deseen sumarse pueden consultar la grilla completa de actividades, horarios y lugares de pr\u00e1ctica a trav\u00e9s de los canales oficiales del<a href=\"https:\/\/lujan.gob.ar\/\" target=\"_blank\" rel=\"noopener\"> Municipio de Luj\u00e1n<\/a>. La inscripci\u00f3n es gratuita y se realiza directamente en cada espacio deportivo.<\/p>\n<p>Con una propuesta tan diversa, Luj\u00e1n reafirma que el <strong>deporte<\/strong> es mucho m\u00e1s que actividad f\u00edsica: es comunidad, salud y bienestar para todos.<\/p>\n","protected":false},"excerpt":{"rendered":"<p>Luj\u00e1n refuerza su compromiso con el deporte promoviendo la actividad f\u00edsica y la vida saludable, ofreciendo y propuestas recreativas gratuitas en distintos espacios del distrito.<\/p>\n","protected":false},"author":4,"featured_media":16695,"comment_status":"closed","ping_status":"closed","sticky":false,"template":"","format":"standard","meta":{"tdm_status":"","tdm_grid_status":"","footnotes":""},"categories":[17],"tags":[36,504,51],"class_list":{"0":"post-16692","1":"post","2":"type-post","3":"status-publish","4":"format-standard","5":"has-post-thumbnail","7":"category-deportes","8":"tag-deporte","9":"tag-gratis","10":"tag-municipal"},"_links":{"self":[{"href":"https:\/\/diariodelujan.com\/xdeporte\/wp-json\/wp\/v2\/posts\/16692","targetHints":{"allow":["GET"]}}],"collection":[{"href":"https:\/\/diariodelujan.com\/xdeporte\/wp-json\/wp\/v2\/posts"}],"about":[{"href":"https:\/\/diariodelujan.com\/xdeporte\/wp-json\/wp\/v2\/types\/post"}],"author":[{"embeddable":true,"href":"https:\/\/diariodelujan.com\/xdeporte\/wp-json\/wp\/v2\/users\/4"}],"replies":[{"embeddable":true,"href":"https:\/\/diariodelujan.com\/xdeporte\/wp-json\/wp\/v2\/comments?post=16692"}],"version-history":[{"count":3,"href":"https:\/\/diariodelujan.com\/xdeporte\/wp-json\/wp\/v2\/posts\/16692\/revisions"}],"predecessor-version":[{"id":16696,"href":"https:\/\/diariodelujan.com\/xdeporte\/wp-json\/wp\/v2\/posts\/16692\/revisions\/16696"}],"wp:featuredmedia":[{"embeddable":true,"href":"https:\/\/diariodelujan.com\/xdeporte\/wp-json\/wp\/v2\/media\/16695"}],"wp:attachment":[{"href":"https:\/\/diariodelujan.com\/xdeporte\/wp-json\/wp\/v2\/media?parent=16692"}],"wp:term":[{"taxonomy":"category","embeddable":true,"href":"https:\/\/diariodelujan.com\/xdeporte\/wp-json\/wp\/v2\/categories?post=16692"},{"taxonomy":"post_tag","embeddable":true,"href":"https:\/\/diariodelujan.com\/xdeporte\/wp-json\/wp\/v2\/tags?post=16692"}],"curies":[{"name":"wp","href":"https:\/\/api.w.org\/{rel}","templated":true}]}}