{"id":16713,"date":"2025-08-09T19:32:24","date_gmt":"2025-08-09T22:32:24","guid":{"rendered":"https:\/\/diariodelujan.com\/xdeporte\/?p=16713"},"modified":"2025-08-09T19:32:24","modified_gmt":"2025-08-09T22:32:24","slug":"el-lujanero-no-pudo-con-juventud","status":"publish","type":"post","link":"https:\/\/diariodelujan.com\/xdeporte\/el-lujanero-no-pudo-con-juventud\/","title":{"rendered":"El Lujanero domin\u00f3 pero no pudo con Juventud Unida"},"content":{"rendered":"<p><span style=\"font-size: 14pt; font-family: georgia, palatino, serif;\"><em><a href=\"https:\/\/www.facebook.com\/www.clublujan.com.ar\" target=\"_blank\" rel=\"noopener\">El Lujanero<\/a> dej\u00f3 pasar una gran oportunidad de recortar distancia en la pelea por la cima y termin\u00f3 igualando ante Juventud Unida en el estadio Ciudad de San Miguel, por una nueva fecha de la Zona B de la Primera C.<\/em> <\/span><\/p>\n<p><!--more--><\/p>\n<p>Luego del <a href=\"https:\/\/diariodelujan.com\/xdeporte\/el-lujanero-lo-gano-en-la-ultima\/\" target=\"_blank\" rel=\"noopener\">triunfo sobre Centro Espa\u00f1ol<\/a> en la fecha anterior, el <em>Lujanero<\/em> no pudo, en esta ocasi\u00f3n, con el Lobo Rojo, en condici\u00f3n de visitante.<\/p>\n<h3><span style=\"font-size: 14pt;\"><strong>Un inicio prometedor del Lujanero que no se concret\u00f3<\/strong><\/span><\/h3>\n<p>Desde el pitazo inicial, el <em>Lujanero<\/em> sali\u00f3 decidido a imponer condiciones. Con intensidad en la presi\u00f3n y juego vertical, r\u00e1pidamente arrincon\u00f3 al local. La primera gran oportunidad lleg\u00f3 con un centro preciso de Brandon Arriola que Juli\u00e1n Ford no alcanz\u00f3 a conectar por cent\u00edmetros. Apenas un minuto despu\u00e9s, Leandro Coronel gan\u00f3 de cabeza en un tiro de esquina y la pelota se fue besando el palo derecho de Burl\u00f3n.<\/p>\n<p>Juventud Unida respondi\u00f3 con un remate alto de Axel Abad tras quedar mano a mano con Lucas Torlaschi, pero el <em>Lujanero<\/em> mantuvo el control. Ford volvi\u00f3 a quedar de frente al gol, aunque su definici\u00f3n fue bloqueada por el arquero local. La \u00faltima de la primera parte fue para el Lobo Rojo con un disparo cruzado de Santa Cruz que Torlaschi resolvi\u00f3 con seguridad.<\/p>\n<h3><span style=\"font-size: 14pt;\"><strong>Dominio y pol\u00e9mica en el complemento<\/strong><\/span><\/h3>\n<p>En el segundo tiempo el panorama no cambi\u00f3: Luj\u00e1n sigui\u00f3 buscando el arco rival. Coronel volvi\u00f3 a imponerse en las alturas, aunque su cabezazo sali\u00f3 desviado. El dominio territorial y de posesi\u00f3n hac\u00eda pensar en que el gol llegar\u00eda en cualquier momento.<\/p>\n<p>Sin embargo, cuando el <em>Lujanero<\/em> atravesaba su mejor pasaje, lleg\u00f3 una jugada que condicion\u00f3 el resto del encuentro: el \u00e1rbitro expuls\u00f3 de forma apresurada a Facundo Rojas por una supuesta agresi\u00f3n que, seg\u00fan los protagonistas, nunca existi\u00f3. Pese a la inferioridad num\u00e9rica, los de Fredes no renunciaron al ataque y estuvieron cerca de la victoria con un remate esquinado de Pedro Alfonso que Burl\u00f3n desvi\u00f3 con la punta de los dedos.<\/p>\n<h3><span style=\"font-size: 14pt;\"><strong>Un punto que sabe a poco<\/strong><\/span><\/h3>\n<p>El empate dej\u00f3 sensaciones encontradas en el plantel y los hinchas. Si bien sumar siempre es importante, el <em>Lujanero<\/em> necesitaba ganar para mantenerse cerca de Camioneros, que en esta fecha consigui\u00f3 un nuevo triunfo y ampli\u00f3 la diferencia en lo m\u00e1s alto de la Zona B.<\/p>\n<p>Luj\u00e1n demostr\u00f3 car\u00e1cter, dominio y solidez defensiva, pero deber\u00e1 afinar la punter\u00eda para que la superioridad en el juego se traduzca en victorias. La pr\u00f3xima jornada ser\u00e1 clave para recuperar terreno y no perder pisada en la pelea por el ascenso.<\/p>\n","protected":false},"excerpt":{"rendered":"<p>El Lujanero dej\u00f3 pasar una gran oportunidad de recortar distancia en la pelea por la cima y termin\u00f3 igualando ante Juventud Unida en el estadio Ciudad de San Miguel, por una nueva fecha de la Zona B de la Primera C.<\/p>\n","protected":false},"author":3,"featured_media":16714,"comment_status":"closed","ping_status":"closed","sticky":false,"template":"","format":"standard","meta":{"tdm_status":"","tdm_grid_status":"","footnotes":""},"categories":[2,8],"tags":[173,223,117,184,130],"class_list":{"0":"post-16713","1":"post","2":"type-post","3":"status-publish","4":"format-standard","5":"has-post-thumbnail","7":"category-featured","8":"category-futbol","9":"tag-futbol","10":"tag-juventud-unida","11":"tag-lujan","12":"tag-lujanero","13":"tag-primera-c"},"_links":{"self":[{"href":"https:\/\/diariodelujan.com\/xdeporte\/wp-json\/wp\/v2\/posts\/16713","targetHints":{"allow":["GET"]}}],"collection":[{"href":"https:\/\/diariodelujan.com\/xdeporte\/wp-json\/wp\/v2\/posts"}],"about":[{"href":"https:\/\/diariodelujan.com\/xdeporte\/wp-json\/wp\/v2\/types\/post"}],"author":[{"embeddable":true,"href":"https:\/\/diariodelujan.com\/xdeporte\/wp-json\/wp\/v2\/users\/3"}],"replies":[{"embeddable":true,"href":"https:\/\/diariodelujan.com\/xdeporte\/wp-json\/wp\/v2\/comments?post=16713"}],"version-history":[{"count":2,"href":"https:\/\/diariodelujan.com\/xdeporte\/wp-json\/wp\/v2\/posts\/16713\/revisions"}],"predecessor-version":[{"id":16716,"href":"https:\/\/diariodelujan.com\/xdeporte\/wp-json\/wp\/v2\/posts\/16713\/revisions\/16716"}],"wp:featuredmedia":[{"embeddable":true,"href":"https:\/\/diariodelujan.com\/xdeporte\/wp-json\/wp\/v2\/media\/16714"}],"wp:attachment":[{"href":"https:\/\/diariodelujan.com\/xdeporte\/wp-json\/wp\/v2\/media?parent=16713"}],"wp:term":[{"taxonomy":"category","embeddable":true,"href":"https:\/\/diariodelujan.com\/xdeporte\/wp-json\/wp\/v2\/categories?post=16713"},{"taxonomy":"post_tag","embeddable":true,"href":"https:\/\/diariodelujan.com\/xdeporte\/wp-json\/wp\/v2\/tags?post=16713"}],"curies":[{"name":"wp","href":"https:\/\/api.w.org\/{rel}","templated":true}]}}