{"id":16721,"date":"2025-08-22T11:46:28","date_gmt":"2025-08-22T14:46:28","guid":{"rendered":"https:\/\/diariodelujan.com\/xdeporte\/?p=16721"},"modified":"2025-08-23T01:37:01","modified_gmt":"2025-08-23T04:37:01","slug":"noche-de-boxeo-municipal","status":"publish","type":"post","link":"https:\/\/diariodelujan.com\/xdeporte\/noche-de-boxeo-municipal\/","title":{"rendered":"Noche de boxeo: el \u201cRifle\u201d Cubas defiende su t\u00edtulo ante el \u201cMalevo\u201d Ull\u00faa"},"content":{"rendered":"<p><span style=\"font-family: georgia, palatino, serif; font-size: 18px;\"><em>El boxeo local vuelve a encender la pasi\u00f3n de los fan\u00e1ticos e<strong>ste s\u00e1bado 23 de agosto<\/strong>, cuando el lujanense <strong>Jos\u00e9 \u201cRifle\u201d Cubas<\/strong> suba al cuadril\u00e1tero para defender su t\u00edtulo.<\/em><\/span><\/p>\n<p><!--more--><\/p>\n<p>La velada se desarrollar\u00e1 en el <strong>gimnasio del<a href=\"https:\/\/www.facebook.com\/sindicatodetrabajadores.municipalesdelujan\/?locale=es_LA\" target=\"_blank\" rel=\"noopener\"> Sindicato de Trabajadores Municipales<\/a> de Luj\u00e1n<\/strong>, ubicado sobre la <strong>Ruta 7, kil\u00f3metro 72<\/strong>, y promete ser una noche vibrante para el deporte de los pu\u00f1os en la regi\u00f3n.<\/p>\n<h3><strong>Noche de Boxeo<\/strong><\/h3>\n<p>El rival de Cubas ser\u00e1 <strong>Jorge \u201cEl Malevo\u201d Ull\u00faa<\/strong>, representante de Mercedes, formado en la reconocida <strong>Escuela de Boxeo Nicol\u00e1s Regueiro<\/strong>, donde entrena bajo la direcci\u00f3n del propio Regueiro. Ambos pugilistas llegar\u00e1n con una preparaci\u00f3n intensa para enfrentarse en la <strong>categor\u00eda S\u00faper Medianos (76,500 kg)<\/strong>, un peso que exige fuerza, resistencia y estrategia.<\/p>\n<p>Cubas, de 29 a\u00f1os y oriundo del barrio Ameghino, no solo es campe\u00f3n vigente sino tambi\u00e9n un referente del boxeo lujanense.<\/p>\n<p>El \u201cRifle\u201d llega con la motivaci\u00f3n de pelear ante su gente y con el objetivo de seguir consolidando su carrera. El <strong><span style=\"color: #008000;\"><a style=\"color: #008000;\" href=\"https:\/\/diariodelujan.com\/xdeporte\/papeschi-campeon-argentino-mediano\/\">boxeador<\/a> <\/span><\/strong>expres\u00f3 su agradecimiento a su familia, amigos y equipo de trabajo, as\u00ed como a sus auspiciantes <strong>Hierros Ruta 7<\/strong> y <strong>Dial Movimientos de Suelo<\/strong>, cuyo apoyo considera clave para su presente deportivo.<\/p>\n<p>Las entradas para la velada ya est\u00e1n disponibles de forma anticipada a un valor de <strong>$6.000<\/strong> y pueden adquirirse a trav\u00e9s de las redes sociales oficiales de Cubas en <strong>Facebook<\/strong> e <strong>Instagram<\/strong>. El evento comenzar\u00e1 a las <strong>22:30 horas<\/strong> y se espera una gran concurrencia de fan\u00e1ticos de Luj\u00e1n y ciudades vecinas, ansiosos por disfrutar de una noche a puro boxeo.<\/p>\n<p>Con la adrenalina propia de una defensa de t\u00edtulo, la cita promete emociones fuertes, t\u00e9cnica y potencia sobre el ring. Ser\u00e1, sin dudas, una oportunidad ideal para vivir de cerca el esp\u00edritu del boxeo y acompa\u00f1ar a un campe\u00f3n que quiere seguir escribiendo historia en su ciudad.<\/p>\n","protected":false},"excerpt":{"rendered":"<p>El boxeo local vuelve a encender la pasi\u00f3n de los fan\u00e1ticos este s\u00e1bado 23 de agosto, cuando el lujanense Jos\u00e9 \u201cRifle\u201d Cubas suba al cuadril\u00e1tero para defender su t\u00edtulo.<\/p>\n","protected":false},"author":4,"featured_media":16723,"comment_status":"closed","ping_status":"closed","sticky":false,"template":"","format":"standard","meta":{"tdm_status":"","tdm_grid_status":"","footnotes":""},"categories":[113,2],"tags":[90],"class_list":{"0":"post-16721","1":"post","2":"type-post","3":"status-publish","4":"format-standard","5":"has-post-thumbnail","7":"category-boxeo","8":"category-featured","9":"tag-boxeo"},"_links":{"self":[{"href":"https:\/\/diariodelujan.com\/xdeporte\/wp-json\/wp\/v2\/posts\/16721","targetHints":{"allow":["GET"]}}],"collection":[{"href":"https:\/\/diariodelujan.com\/xdeporte\/wp-json\/wp\/v2\/posts"}],"about":[{"href":"https:\/\/diariodelujan.com\/xdeporte\/wp-json\/wp\/v2\/types\/post"}],"author":[{"embeddable":true,"href":"https:\/\/diariodelujan.com\/xdeporte\/wp-json\/wp\/v2\/users\/4"}],"replies":[{"embeddable":true,"href":"https:\/\/diariodelujan.com\/xdeporte\/wp-json\/wp\/v2\/comments?post=16721"}],"version-history":[{"count":4,"href":"https:\/\/diariodelujan.com\/xdeporte\/wp-json\/wp\/v2\/posts\/16721\/revisions"}],"predecessor-version":[{"id":16786,"href":"https:\/\/diariodelujan.com\/xdeporte\/wp-json\/wp\/v2\/posts\/16721\/revisions\/16786"}],"wp:featuredmedia":[{"embeddable":true,"href":"https:\/\/diariodelujan.com\/xdeporte\/wp-json\/wp\/v2\/media\/16723"}],"wp:attachment":[{"href":"https:\/\/diariodelujan.com\/xdeporte\/wp-json\/wp\/v2\/media?parent=16721"}],"wp:term":[{"taxonomy":"category","embeddable":true,"href":"https:\/\/diariodelujan.com\/xdeporte\/wp-json\/wp\/v2\/categories?post=16721"},{"taxonomy":"post_tag","embeddable":true,"href":"https:\/\/diariodelujan.com\/xdeporte\/wp-json\/wp\/v2\/tags?post=16721"}],"curies":[{"name":"wp","href":"https:\/\/api.w.org\/{rel}","templated":true}]}}