{"id":16731,"date":"2025-08-14T12:20:42","date_gmt":"2025-08-14T15:20:42","guid":{"rendered":"https:\/\/diariodelujan.com\/xdeporte\/?p=16731"},"modified":"2025-08-14T12:22:00","modified_gmt":"2025-08-14T15:22:00","slug":"jj-bb-etapa-regional","status":"publish","type":"post","link":"https:\/\/diariodelujan.com\/xdeporte\/jj-bb-etapa-regional\/","title":{"rendered":"Luj\u00e1n pisa fuerte en la etapa Regional de los JJ.BB. 2025"},"content":{"rendered":"<p><span style=\"font-family: georgia, palatino, serif; font-size: 18px;\"><em>Con la Etapa Local ya concluida, m\u00e1s de <strong>1.600 lujanenses<\/strong> comenzaron a disputar sus competencias deportivas en la <strong>instancia Regional de los Juegos Bonaerenses 2025 (JJ.BB.).<\/strong><\/em><\/span><\/p>\n<p><!--more--><\/p>\n<p>La ciudad se prepara para recibir a contingentes de toda la provincia y, al mismo tiempo, acompa\u00f1ar a sus representantes en cada desaf\u00edo fuera de casa.<\/p>\n<p>El <strong>Secretario de Desarrollo Humano del Municipio de Luj\u00e1n<\/strong>, Federico Vanin, destac\u00f3 el esfuerzo organizativo que implica este tramo del torneo: <em>\u201cEstamos trabajando fuertemente tanto para organizar las fechas en que somos sede, procurando recibir a los contingentes de otros distritos de la mejor manera, como para asistir a las y los lujanenses que deben trasladarse a competir a los distritos vecinos, poniendo a disposici\u00f3n el transporte y el acompa\u00f1amiento de personal t\u00e9cnico. Agradecemos a las instituciones locales que colaboran de forma desinteresada y esperamos que todos se lleven una hermosa experiencia\u201d<\/em>.<\/p>\n<h3><strong>Inicio de la competencia y cronograma juvenil<\/strong><\/h3>\n<p>La etapa Regional de los JJ.BB. para las categor\u00edas <strong>Juveniles<\/strong> y <strong>Personas con Discapacidad (PCD)<\/strong> comenz\u00f3 el pasado <strong>s\u00e1bado 2 de agosto<\/strong> en la localidad de Mor\u00f3n, con los encuentros de Judo, y se extender\u00e1 hasta el <strong>viernes 12 de septiembre<\/strong>, fecha en que culminar\u00e1 en Pilar con las finales de <strong>F\u00fatbol PCD<\/strong>, <strong>Beach Voley Femenino<\/strong> y <strong>Boccia<\/strong>.<\/p>\n<p>Durante este mes y principios de septiembre, los atletas lujanenses buscar\u00e1n clasificar a la siguiente fase en disciplinas como <strong>Voley, Futsal, F\u00fatbol Playa, F\u00fatbol 11, Taekwondo, B\u00e1squet, Tenis, Handball, P\u00e1del, Atletismo, S\u00f3ftbol, Skate, Pesca, Hockey, Rugby y Canotaje<\/strong>, entre muchas otras.<\/p>\n<h3><strong>Luj\u00e1n como sede clave en los JJ.BB.<\/strong><\/h3>\n<p>El municipio tendr\u00e1 un rol protag\u00f3nico en la organizaci\u00f3n de competencias regionales. El <strong>22 de agosto<\/strong>, el predio del <a href=\"https:\/\/diariodelujan.com\/xdeporte\/lujan-rugby-vs-moreno\/\"><strong>Luj\u00e1n Rugby Club<\/strong><\/a> recibir\u00e1 los encuentros de <strong>Hockey y Rugby<\/strong>. Tres d\u00edas despu\u00e9s, el <strong>25 de agosto<\/strong>, la misma sede volver\u00e1 a ser protagonista con partidos de Hockey, mientras que el <strong>Luj\u00e1n Tenis Club<\/strong> albergar\u00e1 la disciplina Tenis.<\/p>\n<p>Adem\u00e1s de Luj\u00e1n, la fase Regional de los JJ.BB. tambi\u00e9n tendr\u00e1 como sedes a <strong>Pilar, Tigre, Chivilcoy, Mercedes, Carmen de Areco<\/strong> y <strong>General Rodr\u00edguez<\/strong>, garantizando un amplio despliegue territorial.<\/p>\n<h3><strong>Personas Mayores: deporte y recreaci\u00f3n<\/strong><\/h3>\n<p>La participaci\u00f3n lujanense no se limita a j\u00f3venes y PCD. Las <strong>Personas Mayores<\/strong> tendr\u00e1n su inicio el <strong>mi\u00e9rcoles 20 de agosto<\/strong> en Luj\u00e1n, con la sede de <strong>Cenjupel<\/strong> como epicentro de juegos de mesa y actividades recreativas. All\u00ed se disputar\u00e1n competencias de <strong>Truco, Truco Mixto, Truco Intergeneracional, Chin Chon, Escoba de 15, Mus, Loter\u00eda, Burako, Damas, F\u00fatbol Tenis A y B, F\u00fatbol Tenis Intergeneracional y Caminata<\/strong>.<\/p>\n<p>Los deportistas mayores tambi\u00e9n tendr\u00e1n representaci\u00f3n en disciplinas como <strong>Newcon, P\u00e1del, Tenis de mesa, Sapo, Taba, Tejo y Pesca<\/strong>, cuyas sedes estar\u00e1n distribuidas entre <strong>Carmen de Areco, San Antonio de Areco, San Andr\u00e9s de Giles, Chivilcoy, Pilar, General Rodr\u00edguez<\/strong> y <strong>Mercedes<\/strong>.<\/p>\n<h3><strong>Camino a la Final en Mar del Plata<\/strong><\/h3>\n<p>Una vez concluida la etapa Regional, el <strong>mi\u00e9rcoles 17 de septiembre<\/strong> dar\u00e1 inicio la <strong>Etapa Interregional<\/strong>, \u00faltima instancia clasificatoria antes de la <strong>gran Final Provincial<\/strong> que se desarrollar\u00e1 en <strong>Mar del Plata del 12 al 17 de octubre<\/strong>. All\u00ed, los mejores representantes de cada regi\u00f3n buscar\u00e1n la gloria en los JJ.BB., un evento que no solo promueve el deporte, sino tambi\u00e9n la integraci\u00f3n y el esp\u00edritu de comunidad.<\/p>\n<h3><strong>Un impulso al deporte local<\/strong><\/h3>\n<p>La participaci\u00f3n masiva de deportistas lujanenses en los JJ.BB. 2025 refleja el crecimiento del deporte en el distrito y el compromiso de las instituciones que lo impulsan. Con log\u00edstica, transporte, sedes deportivas y personal t\u00e9cnico a disposici\u00f3n, Luj\u00e1n se posiciona como un referente organizativo y competitivo en la provincia.<\/p>\n<p>En palabras de los propios organizadores, cada etapa de los JJ.BB. es mucho m\u00e1s que un torneo: es un punto de encuentro entre generaciones, un espacio para el intercambio cultural y un motor para la vida social y deportiva de las comunidades. Este a\u00f1o, Luj\u00e1n no solo buscar\u00e1 medallas, sino tambi\u00e9n dejar una huella imborrable en quienes participen y asistan a cada jornada.<\/p>\n<p><strong>En s\u00edntesis<\/strong>, con m\u00e1s de mil seiscientos atletas en competencia, varias sedes propias y una estructura de apoyo s\u00f3lida, Luj\u00e1n afronta con entusiasmo y compromiso la etapa Regional de los JJ.BB. 2025, so\u00f1ando con que muchos de sus representantes lleguen a la ansiada Final en la costa atl\u00e1ntica.<\/p>\n","protected":false},"excerpt":{"rendered":"<p>Con la Etapa Local ya concluida, m\u00e1s de 1.600 lujanenses comenzaron a disputar sus competencias deportivas en la instancia Regional de los Juegos Bonaerenses 2025 (JJ.BB.).<\/p>\n","protected":false},"author":4,"featured_media":16733,"comment_status":"closed","ping_status":"closed","sticky":false,"template":"","format":"standard","meta":{"tdm_status":"","tdm_grid_status":"","footnotes":""},"categories":[17,2],"tags":[391,506,94],"class_list":{"0":"post-16731","1":"post","2":"type-post","3":"status-publish","4":"format-standard","5":"has-post-thumbnail","7":"category-deportes","8":"category-featured","9":"tag-391","10":"tag-jj-bb","11":"tag-juegos-bonaerenses"},"_links":{"self":[{"href":"https:\/\/diariodelujan.com\/xdeporte\/wp-json\/wp\/v2\/posts\/16731","targetHints":{"allow":["GET"]}}],"collection":[{"href":"https:\/\/diariodelujan.com\/xdeporte\/wp-json\/wp\/v2\/posts"}],"about":[{"href":"https:\/\/diariodelujan.com\/xdeporte\/wp-json\/wp\/v2\/types\/post"}],"author":[{"embeddable":true,"href":"https:\/\/diariodelujan.com\/xdeporte\/wp-json\/wp\/v2\/users\/4"}],"replies":[{"embeddable":true,"href":"https:\/\/diariodelujan.com\/xdeporte\/wp-json\/wp\/v2\/comments?post=16731"}],"version-history":[{"count":2,"href":"https:\/\/diariodelujan.com\/xdeporte\/wp-json\/wp\/v2\/posts\/16731\/revisions"}],"predecessor-version":[{"id":16734,"href":"https:\/\/diariodelujan.com\/xdeporte\/wp-json\/wp\/v2\/posts\/16731\/revisions\/16734"}],"wp:featuredmedia":[{"embeddable":true,"href":"https:\/\/diariodelujan.com\/xdeporte\/wp-json\/wp\/v2\/media\/16733"}],"wp:attachment":[{"href":"https:\/\/diariodelujan.com\/xdeporte\/wp-json\/wp\/v2\/media?parent=16731"}],"wp:term":[{"taxonomy":"category","embeddable":true,"href":"https:\/\/diariodelujan.com\/xdeporte\/wp-json\/wp\/v2\/categories?post=16731"},{"taxonomy":"post_tag","embeddable":true,"href":"https:\/\/diariodelujan.com\/xdeporte\/wp-json\/wp\/v2\/tags?post=16731"}],"curies":[{"name":"wp","href":"https:\/\/api.w.org\/{rel}","templated":true}]}}