{"id":16736,"date":"2025-08-16T01:56:14","date_gmt":"2025-08-16T04:56:14","guid":{"rendered":"https:\/\/diariodelujan.com\/xdeporte\/?p=16736"},"modified":"2025-08-16T17:42:54","modified_gmt":"2025-08-16T20:42:54","slug":"el-lujanero-juega-ante-yupanqui","status":"publish","type":"post","link":"https:\/\/diariodelujan.com\/xdeporte\/el-lujanero-juega-ante-yupanqui\/","title":{"rendered":"El Lujanero juega en casa ante Yupanqui"},"content":{"rendered":"<p><span style=\"font-family: georgia, palatino, serif; font-size: 14pt;\"><em><a href=\"https:\/\/www.facebook.com\/www.clublujan.com.ar\" target=\"_blank\" rel=\"noopener\">El Lujanero<\/a> tiene este s\u00e1bado una parada clave en el 1\u00b0 de Abril. Desde las 15:30, el equipo de la Bas\u00edlica recibir\u00e1 a Yupanqui por la vig\u00e9sima segunda fecha de la Zona B de la Primera C, con el arbitraje de Mateo Bocaccia.<\/em> <\/span><\/p>\n<p><!--more--><\/p>\n<h3><span style=\"font-size: 14pt;\"><strong>El Lujanero, obligado a ganar para seguir en la pelea<\/strong><\/span><\/h3>\n<p>El \u00faltimo fin de semana, <a href=\"https:\/\/diariodelujan.com\/xdeporte\/el-lujanero-no-pudo-con-juventud\/\" target=\"_blank\" rel=\"noopener\">el conjunto rojiblanco igual\u00f3 sin goles como visitante frente a Juventud Unida<\/a> en San Miguel. Ese resultado lo mantuvo en la pelea, pero lo dej\u00f3 a cinco unidades de la cima. Con tan poco margen en la recta final, el <em>Lujanero<\/em> entiende que solo el triunfo le permitir\u00e1 seguir so\u00f1ando con alcanzar a los de arriba.<\/p>\n<p>El p\u00fablico acompa\u00f1ar\u00e1 masivamente en el estadio 1\u00b0 de Abril, consciente de que el equipo necesita el aliento para dar un paso firme en esta recta definitoria. La expectativa es grande: Luj\u00e1n llega con una s\u00f3lida campa\u00f1a, pero debe transformar la regularidad en victorias que lo acerquen a su gran objetivo.<\/p>\n<h3><span style=\"font-size: 14pt;\"><strong>Movimientos en el once inicial<\/strong><\/span><\/h3>\n<p>Para este encuentro trascendental, Fredes har\u00e1 varias modificaciones obligadas y estrat\u00e9gicas. Mat\u00edas Lescano volver\u00e1 a la titularidad en lugar de Lucas Torlaschi, buscando darle mayor din\u00e1mica al mediocampo. Adem\u00e1s, Di\u00f3genes Notta reemplazar\u00e1 a Diego Molina, mientras que Nicol\u00e1s Valera ingresar\u00e1 por Facundo Rojas, suspendido tres fechas tras la expulsi\u00f3n sufrida frente a Juventud Unida.<\/p>\n<p>Estas variantes marcan la intenci\u00f3n del cuerpo t\u00e9cnico: un equipo con frescura y variantes en ataque, sin perder la solidez defensiva que lo caracteriza.<\/p>\n<h3><span style=\"font-size: 14pt;\"><strong>El rival: un Yupanqui necesitado<\/strong><\/span><\/h3>\n<p>Del otro lado estar\u00e1 Yupanqui, un rival que lucha en la parte baja de la tabla pero que nunca resulta sencillo. El <em>Trapero<\/em> intentar\u00e1 dar el golpe como visitante para sumar puntos vitales en su propia pelea, lo que convierte el duelo en un choque de necesidades opuestas pero igual de urgentes.<\/p>\n<p>La visita suele apostar por un planteo aguerrido y compacto, algo que el <em>Lujanero<\/em> deber\u00e1 superar con paciencia, intensidad y precisi\u00f3n en los \u00faltimos metros.<\/p>\n<h3><span style=\"font-size: 14pt;\"><strong>Un partido que puede marcar el futuro<\/strong><\/span><\/h3>\n<p>Con la ilusi\u00f3n intacta y el apoyo de su gente, el elenco de la Bas\u00edlica va por un triunfo que lo mantenga en carrera. El 1\u00b0 de Abril ser\u00e1 escenario de una final anticipada, donde el <em>Lujanero<\/em> intentar\u00e1 demostrar que est\u00e1 preparado para dar pelea hasta el \u00faltimo minuto del torneo.<\/p>\n","protected":false},"excerpt":{"rendered":"<p>El Lujanero tiene este s\u00e1bado una parada clave en el 1\u00b0 de Abril. Desde las 15:30, el equipo de la Bas\u00edlica recibir\u00e1 a Yupanqui por la vig\u00e9sima segunda fecha de la Zona B de la Primera C, con el arbitraje de Mateo Bocaccia.<\/p>\n","protected":false},"author":3,"featured_media":16737,"comment_status":"closed","ping_status":"closed","sticky":false,"template":"","format":"standard","meta":{"tdm_status":"","tdm_grid_status":"","footnotes":""},"categories":[8],"tags":[173,117,184,130,194],"class_list":{"0":"post-16736","1":"post","2":"type-post","3":"status-publish","4":"format-standard","5":"has-post-thumbnail","7":"category-futbol","8":"tag-futbol","9":"tag-lujan","10":"tag-lujanero","11":"tag-primera-c","12":"tag-yupanqui"},"_links":{"self":[{"href":"https:\/\/diariodelujan.com\/xdeporte\/wp-json\/wp\/v2\/posts\/16736","targetHints":{"allow":["GET"]}}],"collection":[{"href":"https:\/\/diariodelujan.com\/xdeporte\/wp-json\/wp\/v2\/posts"}],"about":[{"href":"https:\/\/diariodelujan.com\/xdeporte\/wp-json\/wp\/v2\/types\/post"}],"author":[{"embeddable":true,"href":"https:\/\/diariodelujan.com\/xdeporte\/wp-json\/wp\/v2\/users\/3"}],"replies":[{"embeddable":true,"href":"https:\/\/diariodelujan.com\/xdeporte\/wp-json\/wp\/v2\/comments?post=16736"}],"version-history":[{"count":3,"href":"https:\/\/diariodelujan.com\/xdeporte\/wp-json\/wp\/v2\/posts\/16736\/revisions"}],"predecessor-version":[{"id":16744,"href":"https:\/\/diariodelujan.com\/xdeporte\/wp-json\/wp\/v2\/posts\/16736\/revisions\/16744"}],"wp:featuredmedia":[{"embeddable":true,"href":"https:\/\/diariodelujan.com\/xdeporte\/wp-json\/wp\/v2\/media\/16737"}],"wp:attachment":[{"href":"https:\/\/diariodelujan.com\/xdeporte\/wp-json\/wp\/v2\/media?parent=16736"}],"wp:term":[{"taxonomy":"category","embeddable":true,"href":"https:\/\/diariodelujan.com\/xdeporte\/wp-json\/wp\/v2\/categories?post=16736"},{"taxonomy":"post_tag","embeddable":true,"href":"https:\/\/diariodelujan.com\/xdeporte\/wp-json\/wp\/v2\/tags?post=16736"}],"curies":[{"name":"wp","href":"https:\/\/api.w.org\/{rel}","templated":true}]}}