{"id":16774,"date":"2025-08-21T14:53:05","date_gmt":"2025-08-21T17:53:05","guid":{"rendered":"https:\/\/diariodelujan.com\/xdeporte\/?p=16774"},"modified":"2025-08-21T14:53:05","modified_gmt":"2025-08-21T17:53:05","slug":"gran-premio-de-ciclismo","status":"publish","type":"post","link":"https:\/\/diariodelujan.com\/xdeporte\/gran-premio-de-ciclismo\/","title":{"rendered":"El ciclismo vuelve a ser protagonista con m\u00e1s de 700 corredores"},"content":{"rendered":"<p><span style=\"font-family: georgia, palatino, serif; font-size: 18px;\"><em>Este fin de mes, Luj\u00e1n se convertir\u00e1 en el epicentro del <strong>ciclismo argentino<\/strong> con la cuarta edici\u00f3n del <strong>Gran Premio Ciudad de Luj\u00e1n<\/strong>, una competencia que crece a\u00f1o tras a\u00f1o y que ya se instal\u00f3 como una cita obligada en el calendario deportivo bonaerense.<\/em><\/span><!--more--><\/p>\n<p>[dropcap]E[\/dropcap]n su \u00faltima edici\u00f3n, el evento convoc\u00f3 a m\u00e1s de 700 ciclistas de diferentes puntos del pa\u00eds, consolid\u00e1ndose como una de las carreras m\u00e1s esperadas de la temporada. \u201cEs un evento que se va consolidando a\u00f1o a a\u00f1o. El circuito es exigente y Luj\u00e1n ofrece un entorno ideal, con servicios de alta calidad para recibir a los deportistas y al p\u00fablico. Invitamos a los vecinos a disfrutar de esta verdadera fiesta del deporte\u201d, destac\u00f3 el secretario de Desarrollo Humano del Municipio.<\/p>\n<p><strong>\u00a0<\/strong>La competencia se llevar\u00e1 a cabo en un circuito callejero sobre la avenida Nuestra Se\u00f1ora de Luj\u00e1n, entre la rotonda Ana de Matos y la nueva rotonda de acceso a la ciudad, un recorrido que garantiza espect\u00e1culo y cercan\u00eda con los espectadores.<\/p>\n<p>El cronograma del <strong>Gran Premio de <a href=\"https:\/\/diariodelujan.com\/ciclismo-transpampeana\/\">ciclismo<\/a><\/strong> incluye pruebas desde las 8 de la ma\u00f1ana, con categor\u00edas que van desde Master hasta \u00c9lite, tanto en damas como en caballeros. Entre los equipos confirmados figuran formaciones de alto nivel como Ladies Shimano, SAT, KTM, Trenque Pampa, Facturer\u00eda El Pato, el Municipio de Lan\u00fas y el equipo local Damico Roak-Pave, que contar\u00e1 con ciclistas campeones nacionales y panamericanos.<\/p>\n<p><a href=\"https:\/\/diariodelujan.com\/wp-content\/uploads\/2025\/08\/Gran-Premio-Ciclismo-Ciudad-de-Lujan.webp\"><img loading=\"lazy\" decoding=\"async\" class=\"alignnone size-full wp-image-31398\" src=\"https:\/\/diariodelujan.com\/wp-content\/uploads\/2025\/08\/Gran-Premio-Ciclismo-Ciudad-de-Lujan.webp\" alt=\"Gran Premio Ciclismo Ciudad de Luj\u00e1n\" width=\"800\" height=\"497\" title=\"\"><\/a><\/p>\n<h3><strong>Solidaridad y deporte de la mano<\/strong><\/h3>\n<p>Al igual que en a\u00f1os anteriores, cada competidor aportar\u00e1 un alimento no perecedero que ser\u00e1 distribuido posteriormente por el Municipio en comedores y merenderos comunitarios.<\/p>\n<h3><strong>Una fecha clave para el ciclismo bonaerense<\/strong><\/h3>\n<p>El <strong>Gran Premio <a href=\"http:\/\/www.estacionlujan.com.ar\" target=\"_blank\" rel=\"noopener\">Ciudad de Luj\u00e1n<\/a><\/strong> marca el inicio del calendario de <strong>ciclismo en ruta<\/strong> de la provincia de Buenos Aires, que continuar\u00e1 en localidades como Capit\u00e1n Sarmiento, Ranchos, Florencio Varela, Berazategui, Lomas de Zamora, Jun\u00edn, San Antonio de Areco y Col\u00f3n.<\/p>\n<p>El evento es organizado por la pe\u00f1a ciclista Mujeres Libres del Sur, la Asociaci\u00f3n Ciclista del Oeste de la Provincia de Buenos Aires y el ciclista local Gabriel Toledo, con el acompa\u00f1amiento del Municipio de Luj\u00e1n.<\/p>\n","protected":false},"excerpt":{"rendered":"<p>Este fin de mes, Luj\u00e1n se convertir\u00e1 en el epicentro del ciclismo argentino con la cuarta edici\u00f3n del Gran Premio Ciudad de Luj\u00e1n, una competencia que crece a\u00f1o tras a\u00f1o y que ya se instal\u00f3 como una cita obligada en el calendario deportivo bonaerense.<\/p>\n","protected":false},"author":4,"featured_media":14532,"comment_status":"closed","ping_status":"closed","sticky":false,"template":"","format":"standard","meta":{"tdm_status":"","tdm_grid_status":"","footnotes":""},"categories":[7,2],"tags":[287],"class_list":{"0":"post-16774","1":"post","2":"type-post","3":"status-publish","4":"format-standard","5":"has-post-thumbnail","7":"category-ciclismo","8":"category-featured","9":"tag-ciclismo"},"_links":{"self":[{"href":"https:\/\/diariodelujan.com\/xdeporte\/wp-json\/wp\/v2\/posts\/16774","targetHints":{"allow":["GET"]}}],"collection":[{"href":"https:\/\/diariodelujan.com\/xdeporte\/wp-json\/wp\/v2\/posts"}],"about":[{"href":"https:\/\/diariodelujan.com\/xdeporte\/wp-json\/wp\/v2\/types\/post"}],"author":[{"embeddable":true,"href":"https:\/\/diariodelujan.com\/xdeporte\/wp-json\/wp\/v2\/users\/4"}],"replies":[{"embeddable":true,"href":"https:\/\/diariodelujan.com\/xdeporte\/wp-json\/wp\/v2\/comments?post=16774"}],"version-history":[{"count":2,"href":"https:\/\/diariodelujan.com\/xdeporte\/wp-json\/wp\/v2\/posts\/16774\/revisions"}],"predecessor-version":[{"id":16776,"href":"https:\/\/diariodelujan.com\/xdeporte\/wp-json\/wp\/v2\/posts\/16774\/revisions\/16776"}],"wp:featuredmedia":[{"embeddable":true,"href":"https:\/\/diariodelujan.com\/xdeporte\/wp-json\/wp\/v2\/media\/14532"}],"wp:attachment":[{"href":"https:\/\/diariodelujan.com\/xdeporte\/wp-json\/wp\/v2\/media?parent=16774"}],"wp:term":[{"taxonomy":"category","embeddable":true,"href":"https:\/\/diariodelujan.com\/xdeporte\/wp-json\/wp\/v2\/categories?post=16774"},{"taxonomy":"post_tag","embeddable":true,"href":"https:\/\/diariodelujan.com\/xdeporte\/wp-json\/wp\/v2\/tags?post=16774"}],"curies":[{"name":"wp","href":"https:\/\/api.w.org\/{rel}","templated":true}]}}