{"id":16791,"date":"2025-08-23T14:36:14","date_gmt":"2025-08-23T17:36:14","guid":{"rendered":"https:\/\/diariodelujan.com\/xdeporte\/?p=16791"},"modified":"2025-08-23T14:36:14","modified_gmt":"2025-08-23T17:36:14","slug":"el-lujanero-perdio-terreno","status":"publish","type":"post","link":"https:\/\/diariodelujan.com\/xdeporte\/el-lujanero-perdio-terreno\/","title":{"rendered":"El Lujanero no pudo con Camioneros y perdi\u00f3 terreno"},"content":{"rendered":"<p><span style=\"font-family: georgia, palatino, serif; font-size: 14pt;\"><em><a href=\"https:\/\/www.facebook.com\/www.clublujan.com.ar\" target=\"_blank\" rel=\"noopener\">El Lujanero<\/a> no pudo con el puntero y cay\u00f3 en el duelo m\u00e1s importante por la Zona B. El equipo de Fredes qued\u00f3 a cinco puntos de la cima y ahora depende de un sprint final perfecto para seguir so\u00f1ando.<\/em><\/span><\/p>\n<p><!--more--><\/p>\n<h3><span style=\"font-size: 14pt;\"><strong>Un duelo de alto voltaje en el Hugo Moyano<\/strong><\/span><\/h3>\n<p>Tras el <a href=\"https:\/\/diariodelujan.com\/xdeporte\/triunfo-lujanero-ante-yupanqui\/\" target=\"_blank\" rel=\"noopener\">triunfo obtenido ante Yupanqui<\/a>, Luj\u00e1n visit\u00f3 a Camioneros en un partido que reun\u00eda todos los condimentos: el l\u00edder contra el escolta, la posibilidad de acercarse a la punta y la ilusi\u00f3n de un cierre de campeonato apasionante. Sin embargo, el <em>Lujanero<\/em> no logr\u00f3 capitalizar sus oportunidades y termin\u00f3 pagando caro un error en el tramo final, que le permiti\u00f3 al local quedarse con los tres puntos y reafirmar su condici\u00f3n de candidato.<\/p>\n<h3><span style=\"font-size: 14pt;\"><strong>Primer tiempo con dominio visitante y chances claras<\/strong><\/span><\/h3>\n<p>Desde el arranque, el <em>Lujanero<\/em> mostr\u00f3 decisi\u00f3n y ambici\u00f3n. Con un esquema renovado \u2013l\u00ednea de tres en el fondo\u2013, el equipo de Fredes apost\u00f3 a la velocidad de Eladio Ramos para inquietar a la defensa rival.<\/p>\n<p>La primera gran ocasi\u00f3n lleg\u00f3 justamente por la izquierda, cuando Ramos desbord\u00f3 y envi\u00f3 un centro atr\u00e1s que buscaba a Juli\u00e1n Ford. Sin embargo, un defensor de Camioneros lleg\u00f3 con lo justo para despejar el peligro.<\/p>\n<p>Poco despu\u00e9s, un pelotazo cruzado dej\u00f3 al colombiano nuevamente frente al arco, mano a mano con Horacio Ram\u00edrez, pero su definici\u00f3n se fue por arriba del travesa\u00f1o.<\/p>\n<p>Camioneros reci\u00e9n reaccion\u00f3 pasados los 30 minutos con un disparo de Huguenet y un tiro libre de Rom\u00e1n Su\u00e1rez que se fue muy cerca del poste defendido por Mat\u00edas Lescano. Con el 0-0 en el marcador y la sensaci\u00f3n de que Luj\u00e1n hab\u00eda hecho m\u00e9ritos para m\u00e1s, ambos equipos se fueron al descanso.<\/p>\n<h3><span style=\"font-size: 14pt;\"><strong>Segundo tiempo discreto y un final doloroso<\/strong><\/span><\/h3>\n<p>En el complemento, el tr\u00e1mite se volvi\u00f3 m\u00e1s friccionado y con escasas situaciones de gol. Ambos conjuntos parec\u00edan conformes con no perder, cuidando cada detalle para no ceder terreno. El empate se perfilaba como resultado cantado hasta que, a los 82 minutos, lleg\u00f3 el golpe que cambi\u00f3 todo.<\/p>\n<p>Un remate desde media distancia encontr\u00f3 a Lescano mal parado: el arquero dio un rebote largo e innecesario y Dar\u00edo M\u00edguez, con oportunismo, apareci\u00f3 para empujarla al fondo de la red y decretar el 1-0 definitivo.<\/p>\n<p>El <em>Lujanero<\/em> intent\u00f3 reaccionar en los \u00faltimos minutos, pero careci\u00f3 de claridad e ideas para generar peligro real. El pitazo final confirm\u00f3 una derrota que golpea las aspiraciones de pelear mano a mano el liderazgo.<\/p>\n<h3><span style=\"font-size: 14pt;\"><strong>Lo que viene para el Lujanero<\/strong><\/span><\/h3>\n<p>Con esta ca\u00edda, Luj\u00e1n qued\u00f3 a cinco puntos de Camioneros, que volvi\u00f3 a despegarse en la tabla y consolida su candidatura. Al elenco de Fredes le restan tres compromisos en los que no puede dejar escapar unidades si quiere mantener viva la ilusi\u00f3n de meterse en la pelea hasta el cierre.<\/p>\n<p>El <em>Lujanero<\/em> mostr\u00f3 pasajes de buen f\u00fatbol y supo complicar al l\u00edder en su casa, pero la falta de eficacia y un error puntual lo dejaron con las manos vac\u00edas. Ahora, m\u00e1s que nunca, deber\u00e1 apelar a su m\u00edstica y car\u00e1cter para seguir so\u00f1ando.<\/p>\n","protected":false},"excerpt":{"rendered":"<p>El Lujanero no pudo con el puntero y cay\u00f3 en el duelo m\u00e1s importante por la Zona B. El equipo de Fredes qued\u00f3 a cinco puntos de la cima y ahora depende de un sprint final perfecto para seguir so\u00f1ando.<\/p>\n","protected":false},"author":3,"featured_media":16792,"comment_status":"closed","ping_status":"closed","sticky":false,"template":"","format":"standard","meta":{"tdm_status":"","tdm_grid_status":"","footnotes":""},"categories":[2,8],"tags":[460,173,117,184,130],"class_list":{"0":"post-16791","1":"post","2":"type-post","3":"status-publish","4":"format-standard","5":"has-post-thumbnail","7":"category-featured","8":"category-futbol","9":"tag-camioneros","10":"tag-futbol","11":"tag-lujan","12":"tag-lujanero","13":"tag-primera-c"},"_links":{"self":[{"href":"https:\/\/diariodelujan.com\/xdeporte\/wp-json\/wp\/v2\/posts\/16791","targetHints":{"allow":["GET"]}}],"collection":[{"href":"https:\/\/diariodelujan.com\/xdeporte\/wp-json\/wp\/v2\/posts"}],"about":[{"href":"https:\/\/diariodelujan.com\/xdeporte\/wp-json\/wp\/v2\/types\/post"}],"author":[{"embeddable":true,"href":"https:\/\/diariodelujan.com\/xdeporte\/wp-json\/wp\/v2\/users\/3"}],"replies":[{"embeddable":true,"href":"https:\/\/diariodelujan.com\/xdeporte\/wp-json\/wp\/v2\/comments?post=16791"}],"version-history":[{"count":1,"href":"https:\/\/diariodelujan.com\/xdeporte\/wp-json\/wp\/v2\/posts\/16791\/revisions"}],"predecessor-version":[{"id":16793,"href":"https:\/\/diariodelujan.com\/xdeporte\/wp-json\/wp\/v2\/posts\/16791\/revisions\/16793"}],"wp:featuredmedia":[{"embeddable":true,"href":"https:\/\/diariodelujan.com\/xdeporte\/wp-json\/wp\/v2\/media\/16792"}],"wp:attachment":[{"href":"https:\/\/diariodelujan.com\/xdeporte\/wp-json\/wp\/v2\/media?parent=16791"}],"wp:term":[{"taxonomy":"category","embeddable":true,"href":"https:\/\/diariodelujan.com\/xdeporte\/wp-json\/wp\/v2\/categories?post=16791"},{"taxonomy":"post_tag","embeddable":true,"href":"https:\/\/diariodelujan.com\/xdeporte\/wp-json\/wp\/v2\/tags?post=16791"}],"curies":[{"name":"wp","href":"https:\/\/api.w.org\/{rel}","templated":true}]}}