{"id":16798,"date":"2025-08-25T14:29:09","date_gmt":"2025-08-25T17:29:09","guid":{"rendered":"https:\/\/diariodelujan.com\/xdeporte\/?p=16798"},"modified":"2025-08-25T14:35:27","modified_gmt":"2025-08-25T17:35:27","slug":"fiesta-de-cupecitas-tc-en-el-fiorano-vianini","status":"publish","type":"post","link":"https:\/\/diariodelujan.com\/xdeporte\/fiesta-de-cupecitas-tc-en-el-fiorano-vianini\/","title":{"rendered":"Fiesta de Cupecitas TC en el Fiorano Vianini"},"content":{"rendered":"<p><span style=\"font-family: georgia, palatino, serif; font-size: 18px;\"><em>El automodelismo volvi\u00f3 a encender pasiones en el <strong>Circuito Fiorano Vianini<\/strong>, donde las <strong>Cupecitas TC<\/strong> ofrecieron una jornada vibrante de velocidad, destreza y emoci\u00f3n.<\/em><\/span><\/p>\n<p><!--more--><\/p>\n<p>En la categor\u00eda 1\/32, el piloto de Cardales <strong>Luis Rub\u00edn<\/strong> se qued\u00f3 con el triunfo de la final, tras imponerse en la segunda serie con <strong>218,42 giros<\/strong>, el mejor registro de la competencia.<\/p>\n<p>El triunfo tuvo un sabor especial, ya que Rub\u00edn logr\u00f3 superar con solvencia las exigentes normas de regularidad, que penalizan los excesos en el tiempo de vuelta. Con este resultado, el piloto consolida un gran presente en el mundo del slot, extendiendo su protagonismo en distintas pistas del conurbano.<\/p>\n<p><a href=\"https:\/\/diariodelujan.com\/wp-content\/uploads\/2025\/08\/cupecitas-en-Vanini-Fiorano.webp\"><img loading=\"lazy\" decoding=\"async\" class=\"alignnone size-full wp-image-31519\" src=\"https:\/\/diariodelujan.com\/wp-content\/uploads\/2025\/08\/cupecitas-en-Vanini-Fiorano.webp\" alt=\"Fiesta de Cupecitas TC en el Fiorano Vianini\" width=\"900\" height=\"340\" title=\"\"><\/a><\/p>\n<h3><strong>Resultados de las <a href=\"https:\/\/diariodelujan.com\/xdeporte\/cupecitas-del-tc-en-pilar\/\">Cupecitas TC<\/a>\u00a0<\/strong><\/h3>\n<p>En el podio lo acompa\u00f1aron <strong>Oscar Romano<\/strong>, que ven\u00eda de dos victorias consecutivas y sum\u00f3 un s\u00f3lido segundo puesto con <strong>216,72 vueltas<\/strong>, y <strong>Jorge Pugliese<\/strong>, tercero con <strong>210,15 vueltas<\/strong> pese a sufrir una salida de pista que oblig\u00f3 a detener la carrera para reparar la corona de su auto.<\/p>\n<p><a href=\"https:\/\/diariodelujan.com\/wp-content\/uploads\/2025\/08\/Cupecitas-del-TC.webp\"><img loading=\"lazy\" decoding=\"async\" class=\"alignnone wp-image-31518 size-full\" title=\"Fiesta de Cupecitas TC en el Fiorano Vianini\" src=\"https:\/\/diariodelujan.com\/wp-content\/uploads\/2025\/08\/Cupecitas-del-TC.webp\" alt=\"Fiesta de Cupecitas TC en el Fiorano Vianini\" width=\"661\" height=\"434\" \/><\/a><\/p>\n<p>La primera serie tambi\u00e9n dej\u00f3 emociones fuertes: el piloto y periodista <strong>Ricardo Vega<\/strong> celebr\u00f3 con alegr\u00eda un triunfo muy esperado, luego de varios traspi\u00e9s en la categor\u00eda. Con un pulsador renovado y un auto en \u00f3ptimas condiciones, Vega se impuso con <strong>102,49 giros<\/strong>, seguido por <strong>Daniel Benedetto (191,16)<\/strong>, <strong>Vanecek (175,94)<\/strong> y <strong>Caputo (154,21)<\/strong>.<\/p>\n<p>En la segunda serie, Rub\u00edn se llev\u00f3 la victoria por delante de Romano, Pugliese y <strong>Franco Benedetto<\/strong>, que complet\u00f3 con <strong>207,29 vueltas<\/strong>.<\/p>\n<p><a href=\"https:\/\/diariodelujan.com\/wp-content\/uploads\/2025\/08\/cupecitas-TC.webp\"><img loading=\"lazy\" decoding=\"async\" class=\"alignnone size-full wp-image-31516\" src=\"https:\/\/diariodelujan.com\/wp-content\/uploads\/2025\/08\/cupecitas-TC.webp\" alt=\"Fiesta de Cupecitas TC en el Fiorano Vianini\" width=\"900\" height=\"675\" title=\"\"><\/a><\/p>\n<p>La jornada fue un verdadero espect\u00e1culo. Las <strong>Cupecitas TC<\/strong> volvieron a demostrar por qu\u00e9 son un cl\u00e1sico del automodelismo: autos exigentes, pilotos al l\u00edmite y una pista en perfectas condiciones que estuvo a la altura de la competencia.<\/p>\n<p><span style=\"color: #333333;\">Fuente: Autoshowslot<\/span><\/p>\n","protected":false},"excerpt":{"rendered":"<p>El automodelismo volvi\u00f3 a encender pasiones en el Circuito Fiorano Vianini, donde las Cupecitas TC ofrecieron una jornada vibrante de velocidad, destreza y emoci\u00f3n.<\/p>\n","protected":false},"author":4,"featured_media":16799,"comment_status":"closed","ping_status":"closed","sticky":false,"template":"","format":"standard","meta":{"tdm_status":"","tdm_grid_status":"","footnotes":""},"categories":[20,2],"tags":[19,508,279,21],"class_list":{"0":"post-16798","1":"post","2":"type-post","3":"status-publish","4":"format-standard","5":"has-post-thumbnail","7":"category-automodelismo","8":"category-featured","9":"tag-automodelismo","10":"tag-cupecitas-tc","11":"tag-fiorano-vianini","12":"tag-slot"},"_links":{"self":[{"href":"https:\/\/diariodelujan.com\/xdeporte\/wp-json\/wp\/v2\/posts\/16798","targetHints":{"allow":["GET"]}}],"collection":[{"href":"https:\/\/diariodelujan.com\/xdeporte\/wp-json\/wp\/v2\/posts"}],"about":[{"href":"https:\/\/diariodelujan.com\/xdeporte\/wp-json\/wp\/v2\/types\/post"}],"author":[{"embeddable":true,"href":"https:\/\/diariodelujan.com\/xdeporte\/wp-json\/wp\/v2\/users\/4"}],"replies":[{"embeddable":true,"href":"https:\/\/diariodelujan.com\/xdeporte\/wp-json\/wp\/v2\/comments?post=16798"}],"version-history":[{"count":5,"href":"https:\/\/diariodelujan.com\/xdeporte\/wp-json\/wp\/v2\/posts\/16798\/revisions"}],"predecessor-version":[{"id":16804,"href":"https:\/\/diariodelujan.com\/xdeporte\/wp-json\/wp\/v2\/posts\/16798\/revisions\/16804"}],"wp:featuredmedia":[{"embeddable":true,"href":"https:\/\/diariodelujan.com\/xdeporte\/wp-json\/wp\/v2\/media\/16799"}],"wp:attachment":[{"href":"https:\/\/diariodelujan.com\/xdeporte\/wp-json\/wp\/v2\/media?parent=16798"}],"wp:term":[{"taxonomy":"category","embeddable":true,"href":"https:\/\/diariodelujan.com\/xdeporte\/wp-json\/wp\/v2\/categories?post=16798"},{"taxonomy":"post_tag","embeddable":true,"href":"https:\/\/diariodelujan.com\/xdeporte\/wp-json\/wp\/v2\/tags?post=16798"}],"curies":[{"name":"wp","href":"https:\/\/api.w.org\/{rel}","templated":true}]}}