{"id":16805,"date":"2025-08-27T17:24:25","date_gmt":"2025-08-27T20:24:25","guid":{"rendered":"https:\/\/diariodelujan.com\/xdeporte\/?p=16805"},"modified":"2025-08-27T17:24:25","modified_gmt":"2025-08-27T20:24:25","slug":"canotaje-femenino-entre-las-10-mejores","status":"publish","type":"post","link":"https:\/\/diariodelujan.com\/xdeporte\/canotaje-femenino-entre-las-10-mejores\/","title":{"rendered":"Candelaria Sequeira y el K4 del canotaje femenino entre las 10 mejores del mundo"},"content":{"rendered":"<p><span style=\"font-family: georgia, palatino, serif; font-size: 18px;\"><em>El canotaje argentino volvi\u00f3 a escribir una p\u00e1gina de orgullo en el escenario internacional a cargo de la palista del Club N\u00e1utico &#8220;El Tim\u00f3n&#8221;, en representaci\u00f3n de la Selecci\u00f3n Argentina.<\/em><\/span><\/p>\n<p><!--more--><\/p>\n<p>El equipo nacional femenino de <strong>K4 500 metros<\/strong>, integrado por la lujanense <strong>Candelaria Sequeira<\/strong> (<a href=\"https:\/\/clubeltimon.com.ar\/\" target=\"_blank\" rel=\"noopener\">Club N\u00e1utico El Tim\u00f3n<\/a>), junto a <strong>Brenda Rojas, Luc\u00eda Dalto Aziz y Magdalena \u201cMagui\u201d Garro<\/strong>, se consagr\u00f3 campe\u00f3n de la <strong>Final B del Mundial de Canotaje<\/strong> desarrollado en Mil\u00e1n, Italia, quedando entre las diez mejores embarcaciones del planeta.<\/p>\n<h3><strong>Una actuaci\u00f3n hist\u00f3rica en Mil\u00e1n<\/strong><\/h3>\n<p>En las aguas del <strong>Lago Idroscalo<\/strong>, escenario tradicional de competencias internacionales, las argentinas brillaron en la Final B, superando a selecciones de primer nivel mundial como <strong>Alemania, Polonia, Portugal y Dinamarca<\/strong>, pa\u00edses con gran tradici\u00f3n en el canotaje. Este triunfo signific\u00f3 cumplir el objetivo trazado: luchar por la Final A y, en su defecto, conquistar la Final B, algo que lograron con solvencia y car\u00e1cter competitivo.<\/p>\n<p>El equipo dirigido t\u00e9cnicamente por <strong>Micaela Maslein<\/strong> ven\u00eda de un intenso proceso de preparaci\u00f3n, en el que Candelaria Sequeira se entren\u00f3 m\u00e1s de un mes en <strong>Noruega<\/strong>, compartiendo sesiones con la selecci\u00f3n nacional de ese pa\u00eds, lo que potenci\u00f3 su nivel de cara al desaf\u00edo mundialista.<\/p>\n<p><a href=\"https:\/\/diariodelujan.com\/wp-content\/uploads\/2025\/08\/canotaje.webp\"><img loading=\"lazy\" decoding=\"async\" class=\"alignnone wp-image-31636 size-full\" src=\"https:\/\/diariodelujan.com\/wp-content\/uploads\/2025\/08\/canotaje.webp\" alt=\"Candelaria Sequeira y el K4 del canotaje femenino \" width=\"700\" height=\"508\" title=\"\"><\/a><\/p>\n<h3>Candelaria Sequeira, orgullo de Luj\u00e1n<\/h3>\n<p>La palista del Club N\u00e1utico <strong>El Tim\u00f3n<\/strong> volvi\u00f3 a demostrar por qu\u00e9 es una de las grandes promesas del deporte argentino. Su nombre ya se vincula con logros resonantes en el canotaje internacional y este Mundial no fue la excepci\u00f3n. Para la lujanense, haber estado a la par de potencias hist\u00f3ricas en la disciplina es un paso m\u00e1s en una carrera que no deja de crecer.<\/p>\n<p>\u201cEste resultado nos motiva y nos marca el camino a seguir\u201d, destacaron desde el cuerpo t\u00e9cnico tras la regata, subrayando la importancia del trabajo en equipo y la constancia en la preparaci\u00f3n.<\/p>\n<h3>Un futuro prometedor para el canotaje nacional<\/h3>\n<p>Con este resultado, Argentina se ubica en la \u00e9lite del <a href=\"https:\/\/diariodelujan.com\/xdeporte\/el-timon-campeon-provincial-de-canotaje\/\">canotaje<\/a> femenino. Haber quedado entre las <strong>diez mejores tripulaciones del mundo<\/strong> en K4 500 metros no solo es motivo de orgullo, sino tambi\u00e9n una base s\u00f3lida para los pr\u00f3ximos compromisos internacionales.<\/p>\n<p>Tras la cita en Italia, Sequeira y sus compa\u00f1eras no regresaron directamente al pa\u00eds. El destino inmediato fue <strong>Asunci\u00f3n del Paraguay<\/strong>, donde se encuentran compitiendo en el <strong>Torneo Sudamericano de Canotaje<\/strong>, buscando prolongar el buen momento deportivo y seguir consolidando al equipo en la regi\u00f3n.<\/p>\n<h3>M\u00e1s que un logro, una se\u00f1al de crecimiento<\/h3>\n<p>El resultado en Mil\u00e1n marca un antes y un despu\u00e9s. Superar a embarcaciones de pa\u00edses que hist\u00f3ricamente dominan el canotaje reafirma que Argentina est\u00e1 en condiciones de dar pelea en los grandes escenarios. Para Candelaria Sequeira, Brenda Rojas, Luc\u00eda Dalto Aziz y Magui Garro, este Mundial no solo represent\u00f3 un logro inmediato, sino tambi\u00e9n un mensaje claro de cara al futuro: el canotaje argentino tiene talento, preparaci\u00f3n y ambici\u00f3n para seguir escalando posiciones en el mundo.<\/p>\n","protected":false},"excerpt":{"rendered":"<p>El canotaje argentino volvi\u00f3 a escribir una p\u00e1gina de orgullo en el escenario internacional a cargo de la palista del Club N\u00e1utico &#8220;El Tim\u00f3n&#8221;, en representaci\u00f3n de la Selecci\u00f3n Argentina.<\/p>\n","protected":false},"author":4,"featured_media":15178,"comment_status":"closed","ping_status":"closed","sticky":false,"template":"","format":"standard","meta":{"tdm_status":"","tdm_grid_status":"","footnotes":""},"categories":[255,2],"tags":[509,260,415,306],"class_list":{"0":"post-16805","1":"post","2":"type-post","3":"status-publish","4":"format-standard","5":"has-post-thumbnail","7":"category-canotaje","8":"category-featured","9":"tag-candelaria","10":"tag-canotaje","11":"tag-club-timon","12":"tag-sequeira"},"_links":{"self":[{"href":"https:\/\/diariodelujan.com\/xdeporte\/wp-json\/wp\/v2\/posts\/16805","targetHints":{"allow":["GET"]}}],"collection":[{"href":"https:\/\/diariodelujan.com\/xdeporte\/wp-json\/wp\/v2\/posts"}],"about":[{"href":"https:\/\/diariodelujan.com\/xdeporte\/wp-json\/wp\/v2\/types\/post"}],"author":[{"embeddable":true,"href":"https:\/\/diariodelujan.com\/xdeporte\/wp-json\/wp\/v2\/users\/4"}],"replies":[{"embeddable":true,"href":"https:\/\/diariodelujan.com\/xdeporte\/wp-json\/wp\/v2\/comments?post=16805"}],"version-history":[{"count":1,"href":"https:\/\/diariodelujan.com\/xdeporte\/wp-json\/wp\/v2\/posts\/16805\/revisions"}],"predecessor-version":[{"id":16806,"href":"https:\/\/diariodelujan.com\/xdeporte\/wp-json\/wp\/v2\/posts\/16805\/revisions\/16806"}],"wp:featuredmedia":[{"embeddable":true,"href":"https:\/\/diariodelujan.com\/xdeporte\/wp-json\/wp\/v2\/media\/15178"}],"wp:attachment":[{"href":"https:\/\/diariodelujan.com\/xdeporte\/wp-json\/wp\/v2\/media?parent=16805"}],"wp:term":[{"taxonomy":"category","embeddable":true,"href":"https:\/\/diariodelujan.com\/xdeporte\/wp-json\/wp\/v2\/categories?post=16805"},{"taxonomy":"post_tag","embeddable":true,"href":"https:\/\/diariodelujan.com\/xdeporte\/wp-json\/wp\/v2\/tags?post=16805"}],"curies":[{"name":"wp","href":"https:\/\/api.w.org\/{rel}","templated":true}]}}