{"id":16810,"date":"2025-08-27T20:29:32","date_gmt":"2025-08-27T23:29:32","guid":{"rendered":"https:\/\/diariodelujan.com\/xdeporte\/?p=16810"},"modified":"2025-08-27T20:30:02","modified_gmt":"2025-08-27T23:30:02","slug":"salvatierra-brillo-fecha-del-torneo-sport","status":"publish","type":"post","link":"https:\/\/diariodelujan.com\/xdeporte\/salvatierra-brillo-fecha-del-torneo-sport\/","title":{"rendered":"Salvatierra brill\u00f3 y se qued\u00f3 con la fecha del Torneo Sport en Luj\u00e1n"},"content":{"rendered":"<p><span style=\"font-size: 18px; font-family: georgia, palatino, serif;\"><em>La pista de la Asociaci\u00f3n Civil Corredores Automodelismo Luj\u00e1n (A.C.C.A.L.), recientemente rebautizada y ubicada en Venerando Rodr\u00edguez 113, fue escenario de una vibrante jornada del <strong>Torneo Sport<\/strong>, una categor\u00eda que sigue creciendo.<\/em><\/span><\/p>\n<p><!--more--><\/p>\n<p>En una competencia marcada por la paridad y la emoci\u00f3n en cada vuelta, el triunfo qued\u00f3 en manos de <strong>Dami\u00e1n Salvatierra<\/strong>, piloto de Ituzaing\u00f3, quien se luci\u00f3 con un andar s\u00f3lido, un manejo muy prolijo y una puesta a punto impecable. Su rendimiento le permiti\u00f3 alcanzar las <strong>191,22 vueltas<\/strong>, consolid\u00e1ndose en lo m\u00e1s alto del podio y sumando un nuevo logro a su campa\u00f1a en la categor\u00eda sport.<\/p>\n<p><a href=\"https:\/\/diariodelujan.com\/wp-content\/uploads\/2025\/08\/Sport-ACCAL-.webp\"><img loading=\"lazy\" decoding=\"async\" class=\"alignnone size-full wp-image-31654\" src=\"https:\/\/diariodelujan.com\/wp-content\/uploads\/2025\/08\/Sport-ACCAL-.webp\" alt=\"Podio Torneo Sport en Luj\u00e1n\" width=\"952\" height=\"515\" title=\"\"><\/a><\/p>\n<h3>Delgado y Etchetto completaron el podio<\/h3>\n<p>El segundo puesto fue para <strong>Juan Delgado<\/strong>, que redonde\u00f3 un excelente rendimiento al completar <strong>189,21 vueltas<\/strong>, quedando apenas a dos giros de la punta. El tercer lugar fue para <a href=\"https:\/\/diariodelujan.com\/xdeporte\/segunda-competencia-slot-de-sport\/\"><strong>Lautaro Etchetto<\/strong><\/a>, que confirm\u00f3 su gran presente deportivo al sumar <strong>189,08 vueltas<\/strong>, ratificando que es uno de los nombres a seguir dentro del Torneo Sport.<\/p>\n<p><a href=\"https:\/\/diariodelujan.com\/wp-content\/uploads\/2025\/08\/Sport-ACCAL-2.webp\"><img loading=\"lazy\" decoding=\"async\" class=\"alignnone size-full wp-image-31651\" src=\"https:\/\/diariodelujan.com\/wp-content\/uploads\/2025\/08\/Sport-ACCAL-2.webp\" alt=\" Torneo Sport en Luj\u00e1n\" width=\"900\" height=\"632\" title=\"\"><\/a><\/p>\n<h3>Los protagonistas de la jornada<\/h3>\n<p>La fecha tambi\u00e9n tuvo actuaciones destacadas entre los pilotos que completaron el top ten:<\/p>\n<ul>\n<li><strong>Carlos Bellome<\/strong>, de Del Viso, fue 4\u00b0 con 188,10 vueltas, luego de haberse quedado con la pole en la previa con un tiempo de 3.350.<\/li>\n<li><strong>Julio Bevilaqua<\/strong>, de Moreno, ocup\u00f3 el 5\u00b0 lugar con 184,63 vueltas, tras haber marcado el segundo mejor tiempo de clasificaci\u00f3n (3.367).<\/li>\n<li>El local <strong>Fernando Guagliardi<\/strong> fue 6\u00b0 con 183,65, demostrando nuevamente su vigencia en pista.<\/li>\n<li><strong>Danilo Nicoloso<\/strong> (183,25) se ubic\u00f3 7\u00b0.<\/li>\n<li><strong>Gustavo Mellado<\/strong>, en su regreso a la categor\u00eda sport, termin\u00f3 8\u00b0 con 183,07.<\/li>\n<li>El talentoso <strong>Javier Casanova<\/strong>, que esta vez no tuvo fortuna, qued\u00f3 9\u00b0 con 178,04.<\/li>\n<li>Cerrando el top ten, el de Carmen de Areco, <strong>C\u00e9sar Ceballos<\/strong>, alcanz\u00f3 170,08 vueltas.<\/li>\n<\/ul>\n<p>M\u00e1s atr\u00e1s clasificaron <strong>Javier Braiotta<\/strong> (11\u00b0 con 156,99 vueltas, afectado por problemas mec\u00e1nicos) y <strong>Adri\u00e1n Simonetti<\/strong>, que no pudo registrar paso en la final pese a haber marcado el tercer mejor tiempo de clasificaci\u00f3n (3.350).<\/p>\n<h3>Un espect\u00e1culo de alto nivel en el automodelismo sport<\/h3>\n<p>La organizaci\u00f3n destac\u00f3 no solo el nivel de los pilotos, sino tambi\u00e9n la gran cantidad de participantes y el crecimiento constante del parque automotor. La pista de A.C.C.A.L. luci\u00f3 en condiciones excepcionales, lo que permiti\u00f3 disfrutar de un evento vibrante y competitivo.<\/p>\n<p><a href=\"https:\/\/diariodelujan.com\/wp-content\/uploads\/2025\/08\/Sport-ACCAL-3.webp\"><img loading=\"lazy\" decoding=\"async\" class=\"alignnone size-full wp-image-31652\" src=\"https:\/\/diariodelujan.com\/wp-content\/uploads\/2025\/08\/Sport-ACCAL-3.webp\" alt=\" Torneo Sport en Luj\u00e1n\" width=\"900\" height=\"438\" title=\"\"><\/a><\/p>\n<p>Desde la cobertura period\u00edstica, la competencia fue calificada como un verdadero <strong>\u201c10\u201d<\/strong>, tanto por el espect\u00e1culo brindado como por la jerarqu\u00eda de los protagonistas. El <strong>Torneo Sport<\/strong> en Luj\u00e1n confirma que el automodelismo escala posiciones en el inter\u00e9s deportivo de la regi\u00f3n, reuniendo a corredores experimentados, j\u00f3venes talentos y un p\u00fablico que acompa\u00f1a cada fecha con entusiasmo.<\/p>\n<p><em>Con informaci\u00f3n de <a href=\"https:\/\/autoshowslot.blogspot.com\/\" target=\"_blank\" rel=\"noopener\">AutoShowSlot<\/a><\/em><\/p>\n","protected":false},"excerpt":{"rendered":"<p>La pista de la Asociaci\u00f3n Civil Corredores Automodelismo Luj\u00e1n (A.C.C.A.L.), recientemente rebautizada y ubicada en Venerando Rodr\u00edguez 113, fue escenario de una vibrante jornada del Torneo Sport, una categor\u00eda que sigue creciendo.<\/p>\n","protected":false},"author":4,"featured_media":16813,"comment_status":"closed","ping_status":"closed","sticky":false,"template":"","format":"standard","meta":{"tdm_status":"","tdm_grid_status":"","footnotes":""},"categories":[20,2],"tags":[510,19,27],"class_list":{"0":"post-16810","1":"post","2":"type-post","3":"status-publish","4":"format-standard","5":"has-post-thumbnail","7":"category-automodelismo","8":"category-featured","9":"tag-accal","10":"tag-automodelismo","11":"tag-sport"},"_links":{"self":[{"href":"https:\/\/diariodelujan.com\/xdeporte\/wp-json\/wp\/v2\/posts\/16810","targetHints":{"allow":["GET"]}}],"collection":[{"href":"https:\/\/diariodelujan.com\/xdeporte\/wp-json\/wp\/v2\/posts"}],"about":[{"href":"https:\/\/diariodelujan.com\/xdeporte\/wp-json\/wp\/v2\/types\/post"}],"author":[{"embeddable":true,"href":"https:\/\/diariodelujan.com\/xdeporte\/wp-json\/wp\/v2\/users\/4"}],"replies":[{"embeddable":true,"href":"https:\/\/diariodelujan.com\/xdeporte\/wp-json\/wp\/v2\/comments?post=16810"}],"version-history":[{"count":3,"href":"https:\/\/diariodelujan.com\/xdeporte\/wp-json\/wp\/v2\/posts\/16810\/revisions"}],"predecessor-version":[{"id":16814,"href":"https:\/\/diariodelujan.com\/xdeporte\/wp-json\/wp\/v2\/posts\/16810\/revisions\/16814"}],"wp:featuredmedia":[{"embeddable":true,"href":"https:\/\/diariodelujan.com\/xdeporte\/wp-json\/wp\/v2\/media\/16813"}],"wp:attachment":[{"href":"https:\/\/diariodelujan.com\/xdeporte\/wp-json\/wp\/v2\/media?parent=16810"}],"wp:term":[{"taxonomy":"category","embeddable":true,"href":"https:\/\/diariodelujan.com\/xdeporte\/wp-json\/wp\/v2\/categories?post=16810"},{"taxonomy":"post_tag","embeddable":true,"href":"https:\/\/diariodelujan.com\/xdeporte\/wp-json\/wp\/v2\/tags?post=16810"}],"curies":[{"name":"wp","href":"https:\/\/api.w.org\/{rel}","templated":true}]}}