{"id":16836,"date":"2025-08-30T23:17:02","date_gmt":"2025-08-31T02:17:02","guid":{"rendered":"https:\/\/diariodelujan.com\/xdeporte\/?p=16836"},"modified":"2025-08-31T18:48:30","modified_gmt":"2025-08-31T21:48:30","slug":"el-lujanero-busca-recuperarse","status":"publish","type":"post","link":"https:\/\/diariodelujan.com\/xdeporte\/el-lujanero-busca-recuperarse\/","title":{"rendered":"El Lujanero busca recuperar terreno ante Argentino de Rosario"},"content":{"rendered":"<p><span style=\"font-size: 14pt; font-family: georgia, palatino, serif;\"><em><a href=\"https:\/\/www.facebook.com\/www.clublujan.com.ar\" target=\"_blank\" rel=\"noopener\">El Lujanero<\/a> se juega una parada clave este domingo en el estadio 1\u00b0 de Abril frente a Argentino de Rosario, con la obligaci\u00f3n de sumar de a tres para mantener vivas sus aspiraciones en la Primera C.<\/em><\/span><\/p>\n<p><!--more--><\/p>\n<h3><span style=\"font-size: 14pt;\"><strong>El presente del Lujanero<\/strong><\/span><\/h3>\n<p>El <em>Lujanero<\/em> llega a este compromiso golpeado tras la <a href=\"https:\/\/diariodelujan.com\/xdeporte\/el-lujanero-perdio-terreno\/\" target=\"_blank\" rel=\"noopener\">derrota sufrida la semana pasada ante Camioneros<\/a>, l\u00edder de la Zona B. En condici\u00f3n de visitante, el elenco de la Bas\u00edlica cay\u00f3 1-0 y qued\u00f3 a cinco puntos de la cima, cuando apenas restan nueve unidades en juego. Por esa raz\u00f3n, el margen de error es m\u00ednimo y cada partido se transforma en una verdadera final.<\/p>\n<p>La campa\u00f1a del equipo dirigido por Santiago Fredes ha tenido altibajos, con victorias que entusiasmaron y ca\u00eddas que lo dejaron relegado en la pelea. Sin embargo, la matem\u00e1tica a\u00fan le da una chance de seguir so\u00f1ando con el primer lugar, aunque depende tanto de sus propios resultados como de lo que suceda con los rivales directos.<\/p>\n<h3><span style=\"font-size: 14pt;\"><strong>El rival: Argentino de Rosario<\/strong><\/span><\/h3>\n<p>Argentino de Rosario se presenta como un adversario inc\u00f3modo. El conjunto rosarino ha mostrado pasajes de buen f\u00fatbol en el campeonato y buscar\u00e1 sumar fuera de casa para trepar posiciones en la tabla. El <em>Sala\u00edto<\/em> llega con la motivaci\u00f3n de complicarle la tarde a un Luj\u00e1n que no puede especular y necesita una victoria para sostener su ilusi\u00f3n.<\/p>\n<p>El duelo promete intensidad, ya que ambos llegan con necesidades distintas: el local sue\u00f1a con el milagro de acercarse a la punta, mientras que la visita quiere reafirmar su crecimiento futbol\u00edstico y sumar prestigio en un escenario siempre exigente como el 1\u00b0 de Abril.<\/p>\n<h3><span style=\"font-size: 14pt;\"><strong>Cambios y novedades en el once lujanero<\/strong><\/span><\/h3>\n<p>Pensando en este compromiso, Fredes tendr\u00e1 a disposici\u00f3n a Leandro Coronel, quien ya cumpli\u00f3 con la fecha de suspensi\u00f3n. Todo indica que ingresar\u00e1 en lugar de Gast\u00f3n Albornoz para reforzar la mitad de la cancha con su experiencia.<\/p>\n<p>En tanto, Di\u00f3genes Notta qued\u00f3 fuera de la lista de citados, lo que abre la puerta para que Santiago Tr\u00edbulo se meta en el once inicial. Estos movimientos buscan darle mayor equilibrio y frescura al equipo, que necesita reencontrarse con su mejor versi\u00f3n en el tramo final del campeonato.<\/p>\n<h3><span style=\"font-size: 14pt;\"><strong>El partido y lo que est\u00e1 en juego<\/strong><\/span><\/h3>\n<p>El encuentro, correspondiente a la 24\u00aa fecha de la Zona B de la Primera C, se disputar\u00e1 este domingo desde las 15.30 en el estadio 1\u00b0 de Abril, con arbitraje de Mart\u00edn Desp\u00f3sito.<\/p>\n<p>Para el <em>Lujanero<\/em>, el duelo es m\u00e1s que un partido: es la oportunidad de demostrar car\u00e1cter y fortaleza en un momento l\u00edmite de la temporada. Una victoria no solo lo mantendr\u00eda con chances matem\u00e1ticas de alcanzar la cima, sino que tambi\u00e9n reforzar\u00eda la confianza de un plantel que necesita cerrar el torneo de la mejor manera posible.<\/p>\n","protected":false},"excerpt":{"rendered":"<p>El Lujanero se juega una parada clave este domingo en el estadio 1\u00b0 de Abril frente a Argentino de Rosario, con la obligaci\u00f3n de sumar de a tres para mantener vivas sus aspiraciones en la Primera C.<\/p>\n","protected":false},"author":3,"featured_media":16683,"comment_status":"closed","ping_status":"closed","sticky":false,"template":"","format":"standard","meta":{"tdm_status":"","tdm_grid_status":"","footnotes":""},"categories":[8],"tags":[375,173,117,184,130],"class_list":{"0":"post-16836","1":"post","2":"type-post","3":"status-publish","4":"format-standard","5":"has-post-thumbnail","7":"category-futbol","8":"tag-argentino-de-rosario","9":"tag-futbol","10":"tag-lujan","11":"tag-lujanero","12":"tag-primera-c"},"_links":{"self":[{"href":"https:\/\/diariodelujan.com\/xdeporte\/wp-json\/wp\/v2\/posts\/16836","targetHints":{"allow":["GET"]}}],"collection":[{"href":"https:\/\/diariodelujan.com\/xdeporte\/wp-json\/wp\/v2\/posts"}],"about":[{"href":"https:\/\/diariodelujan.com\/xdeporte\/wp-json\/wp\/v2\/types\/post"}],"author":[{"embeddable":true,"href":"https:\/\/diariodelujan.com\/xdeporte\/wp-json\/wp\/v2\/users\/3"}],"replies":[{"embeddable":true,"href":"https:\/\/diariodelujan.com\/xdeporte\/wp-json\/wp\/v2\/comments?post=16836"}],"version-history":[{"count":1,"href":"https:\/\/diariodelujan.com\/xdeporte\/wp-json\/wp\/v2\/posts\/16836\/revisions"}],"predecessor-version":[{"id":16837,"href":"https:\/\/diariodelujan.com\/xdeporte\/wp-json\/wp\/v2\/posts\/16836\/revisions\/16837"}],"wp:featuredmedia":[{"embeddable":true,"href":"https:\/\/diariodelujan.com\/xdeporte\/wp-json\/wp\/v2\/media\/16683"}],"wp:attachment":[{"href":"https:\/\/diariodelujan.com\/xdeporte\/wp-json\/wp\/v2\/media?parent=16836"}],"wp:term":[{"taxonomy":"category","embeddable":true,"href":"https:\/\/diariodelujan.com\/xdeporte\/wp-json\/wp\/v2\/categories?post=16836"},{"taxonomy":"post_tag","embeddable":true,"href":"https:\/\/diariodelujan.com\/xdeporte\/wp-json\/wp\/v2\/tags?post=16836"}],"curies":[{"name":"wp","href":"https:\/\/api.w.org\/{rel}","templated":true}]}}