{"id":16867,"date":"2025-09-01T12:07:48","date_gmt":"2025-09-01T15:07:48","guid":{"rendered":"https:\/\/diariodelujan.com\/xdeporte\/?p=16867"},"modified":"2025-09-01T12:07:48","modified_gmt":"2025-09-01T15:07:48","slug":"nueva-victoria-en-la-categoria-tc","status":"publish","type":"post","link":"https:\/\/diariodelujan.com\/xdeporte\/nueva-victoria-en-la-categoria-tc\/","title":{"rendered":"Etchetto vol\u00f3 y se qued\u00f3 con una nueva victoria en la categor\u00eda TC"},"content":{"rendered":"<p><span style=\"font-family: georgia, palatino, serif; font-size: 18px;\"><em>La emoci\u00f3n volvi\u00f3 a adue\u00f1arse de la categor\u00eda TC en el aut\u00f3dromo de la Asociaci\u00f3n de Autos Cl\u00e1sicos y Antiguos de Lomas (<a href=\"https:\/\/autoshowslot.blogspot.com\/2025\/09\/carreron-de-la-maxima-en-accal-lujan.html\" target=\"_blank\" rel=\"noopener\">AACAL<\/a>) con una de las competencias m\u00e1s esperadas del fin de semana.<\/em><\/span><\/p>\n<p><!--more--><\/p>\n<p>En una jornada a pura velocidad, la<a href=\"https:\/\/diariodelujan.com\/fiesta-de-cupecitas-tc-en-el-fiorano-vianini\/\"> <strong>categor\u00eda TC<\/strong><\/a> del automodelismo despleg\u00f3 todo su potencial y tuvo como gran protagonista al joven piloto local <strong>Lautaro Etchetto<\/strong>, quien se impuso con autoridad en la final.<\/p>\n<h2>Un triunfo aplastante<\/h2>\n<p>Etchetto no dej\u00f3 dudas desde el inicio y marc\u00f3 diferencias con un tiempo final de <strong>168.80<\/strong>, resultado que le permiti\u00f3 cruzar la bandera a cuadros con una ventaja tranquilizadora. Su dominio en pista ratifica el gran momento que atraviesa dentro de la <strong>categor\u00eda TC<\/strong>, consolid\u00e1ndose como uno de los talentos a seguir de cerca.<\/p>\n<p>El podio lo completaron <strong>Danilo Nicoloso<\/strong>, segundo con <strong>166.24<\/strong>, y el experimentado <strong>Juan Delgado<\/strong>, que gracias a una notable remontada alcanz\u00f3 el tercer lugar con <strong>165.42<\/strong>. La batalla entre estos pilotos regal\u00f3 momentos vibrantes al p\u00fablico presente.<\/p>\n<h2>Clasificaci\u00f3n previa y rendimiento en pista<\/h2>\n<p>En la tanda clasificatoria, la paridad fue evidente. <strong>Javier Etchetto<\/strong> sorprendi\u00f3 con un registro de <strong>3.848<\/strong>, seguido de Nicoloso con <strong>3.907<\/strong> y Delgado con <strong>3.924<\/strong>, confirmando la competitividad de la divisional.<\/p>\n<p>Sin embargo, los resultados de la final fueron bien distintos. Tras el tridente ganador, el cuarto puesto fue para <strong>Fernando Guagliardi<\/strong> con <strong>162.44<\/strong>, mientras que <strong>Fernando Puerta<\/strong> se ubic\u00f3 quinto con <strong>162.25<\/strong> en una gran actuaci\u00f3n. Detr\u00e1s, <strong>Sergio La Vega<\/strong> fue sexto con <strong>161.66<\/strong> y el siempre rendidor <strong>Dami\u00e1n Salvatierra<\/strong>, de Ituzaing\u00f3, se coloc\u00f3 s\u00e9ptimo con <strong>158.65<\/strong>.<\/p>\n<p><a href=\"https:\/\/diariodelujan.com\/wp-content\/uploads\/2025\/09\/END-TC-29-08-D.webp\"><img loading=\"lazy\" decoding=\"async\" class=\"alignnone size-full wp-image-31898\" src=\"https:\/\/diariodelujan.com\/wp-content\/uploads\/2025\/09\/END-TC-29-08-D.webp\" alt=\"Nueva victoria en la categor\u00eda TC\" width=\"800\" height=\"365\" title=\"\"><\/a><\/p>\n<p>El top ten lo completaron <strong>Horacio Ninkov<\/strong> (8\u00ba, 158.45), <strong>Christian Pasti Melconian<\/strong> (9\u00ba, 157.00) y <strong>Cristian \u201cKity\u201d Guagliardi<\/strong> (10\u00ba, 148.99).<\/p>\n<h2>Problemas mec\u00e1nicos y abandonos<\/h2>\n<p>La contracara del espect\u00e1culo la vivieron algunos pilotos que no pudieron redondear la jornada. <strong>Julio Bevilaqua<\/strong> padeci\u00f3 inconvenientes en la unidad de potencia y termin\u00f3 11\u00ba con <strong>139.57<\/strong>. Peor suerte tuvo el &#8220;poleman&#8221; <strong>Javier Etchetto<\/strong>, que tras sufrir serias fallas mec\u00e1nicas debi\u00f3 abandonar con apenas 44 giros, qued\u00e1ndose con el 12\u00ba puesto.<\/p>\n<h2>Una categor\u00eda en constante crecimiento<\/h2>\n<p>El nivel mostrado por la <strong>categor\u00eda TC<\/strong> en esta fecha dej\u00f3 un balance altamente positivo. Con duelos apasionantes en distintos sectores de la pista, avances mec\u00e1nicos notables y el esfuerzo constante de pilotos y equipos en los talleres, la divisional demuestra que atraviesa un momento de evoluci\u00f3n y competitividad que entusiasma de cara a lo que viene.<\/p>\n<p>La victoria de Lautaro Etchetto no solo lo posiciona como referente de la jornada, sino que tambi\u00e9n reafirma la vigencia y proyecci\u00f3n de una <strong>categor\u00eda TC<\/strong> que sigue siendo sin\u00f3nimo de adrenalina y espect\u00e1culo en cada presentaci\u00f3n.<\/p>\n","protected":false},"excerpt":{"rendered":"<p>La emoci\u00f3n volvi\u00f3 a adue\u00f1arse de la categor\u00eda TC en el aut\u00f3dromo de la Asociaci\u00f3n de Autos Cl\u00e1sicos y Antiguos de Lomas (AACAL) con una de las competencias m\u00e1s esperadas del fin de semana.<\/p>\n","protected":false},"author":4,"featured_media":16870,"comment_status":"closed","ping_status":"closed","sticky":false,"template":"","format":"standard","meta":{"tdm_status":"","tdm_grid_status":"","footnotes":""},"categories":[20,2],"tags":[19,513],"class_list":{"0":"post-16867","1":"post","2":"type-post","3":"status-publish","4":"format-standard","5":"has-post-thumbnail","7":"category-automodelismo","8":"category-featured","9":"tag-automodelismo","10":"tag-categoria-tc"},"_links":{"self":[{"href":"https:\/\/diariodelujan.com\/xdeporte\/wp-json\/wp\/v2\/posts\/16867","targetHints":{"allow":["GET"]}}],"collection":[{"href":"https:\/\/diariodelujan.com\/xdeporte\/wp-json\/wp\/v2\/posts"}],"about":[{"href":"https:\/\/diariodelujan.com\/xdeporte\/wp-json\/wp\/v2\/types\/post"}],"author":[{"embeddable":true,"href":"https:\/\/diariodelujan.com\/xdeporte\/wp-json\/wp\/v2\/users\/4"}],"replies":[{"embeddable":true,"href":"https:\/\/diariodelujan.com\/xdeporte\/wp-json\/wp\/v2\/comments?post=16867"}],"version-history":[{"count":2,"href":"https:\/\/diariodelujan.com\/xdeporte\/wp-json\/wp\/v2\/posts\/16867\/revisions"}],"predecessor-version":[{"id":16869,"href":"https:\/\/diariodelujan.com\/xdeporte\/wp-json\/wp\/v2\/posts\/16867\/revisions\/16869"}],"wp:featuredmedia":[{"embeddable":true,"href":"https:\/\/diariodelujan.com\/xdeporte\/wp-json\/wp\/v2\/media\/16870"}],"wp:attachment":[{"href":"https:\/\/diariodelujan.com\/xdeporte\/wp-json\/wp\/v2\/media?parent=16867"}],"wp:term":[{"taxonomy":"category","embeddable":true,"href":"https:\/\/diariodelujan.com\/xdeporte\/wp-json\/wp\/v2\/categories?post=16867"},{"taxonomy":"post_tag","embeddable":true,"href":"https:\/\/diariodelujan.com\/xdeporte\/wp-json\/wp\/v2\/tags?post=16867"}],"curies":[{"name":"wp","href":"https:\/\/api.w.org\/{rel}","templated":true}]}}