{"id":16872,"date":"2025-09-02T19:19:40","date_gmt":"2025-09-02T22:19:40","guid":{"rendered":"https:\/\/diariodelujan.com\/xdeporte\/?p=16872"},"modified":"2025-09-02T19:56:01","modified_gmt":"2025-09-02T22:56:01","slug":"el-lujanero-gano-vs-argentino","status":"publish","type":"post","link":"https:\/\/diariodelujan.com\/xdeporte\/el-lujanero-gano-vs-argentino\/","title":{"rendered":"El Lujanero gan\u00f3 y mantiene viva la ilusi\u00f3n"},"content":{"rendered":"<p><span style=\"font-size: 14pt; font-family: georgia, palatino, serif;\"><em><a href=\"https:\/\/www.facebook.com\/www.clublujan.com.ar\" target=\"_blank\" rel=\"noopener\">El Lujanero<\/a> volvi\u00f3 a sonre\u00edr en la Primera C y, aunque las chances de alcanzar la cima son limitadas, no se resigna: derrot\u00f3 a Argentino de Rosario en casa y sigue dando pelea en la Zona B.<\/em><\/span><\/p>\n<p><!--more--><\/p>\n<p>Luego de la dolorosa <a href=\"https:\/\/diariodelujan.com\/xdeporte\/el-lujanero-perdio-terreno\/\" target=\"_blank\" rel=\"noopener\">derrota contra Camioneros<\/a>, el Lujanero venci\u00f3 esta tarde de martes al <em>Salaito<\/em> en el 1\u00b0 de Abril. El gol del partido lo marc\u00f3 Eladio Ramos, quien se transform\u00f3 en la figura de la tarde con su oportunismo en el \u00e1rea rival.<\/p>\n<h3><span style=\"font-size: 14pt;\"><strong>Un triunfo lujanero bajo la lluvia<\/strong><\/span><\/h3>\n<p>Por una nueva fecha del Torneo de la Primera C, Zona B, Luj\u00e1n recibi\u00f3 al <em>Salaito<\/em> en un campo de juego pesado y veloz debido a la lluvia ca\u00edda en la regi\u00f3n. Las condiciones clim\u00e1ticas complicaron la circulaci\u00f3n del bal\u00f3n, pero no impidieron que el equipo de Santiago Fredes intentara imponer su estilo.<\/p>\n<p>En el arranque, el <em>Lujanero<\/em> avis\u00f3 con un centro bajo de Ramos que no alcanz\u00f3 a conectar Tom\u00e1s Luj\u00e1n por muy poco. La visita respondi\u00f3 con un remate de Atardo que oblig\u00f3 a la primera intervenci\u00f3n de Mat\u00edas Lescano, seguro bajo los tres palos.<\/p>\n<p>La primera mitad se cerr\u00f3 con intentos de ambos lados: Enzo Oviedo prob\u00f3 desde lejos para el local, pero su disparo se fue alto, mientras que sobre el final Ramos exigi\u00f3 al arquero Fern\u00e1ndez, que respondi\u00f3 con una atajada firme.<\/p>\n<h3><span style=\"font-size: 14pt;\"><strong>Ramos, el hombre del gol<\/strong><\/span><\/h3>\n<p>En el complemento, Argentino de Rosario sali\u00f3 decidido a presionar y gener\u00f3 cierto peligro, aunque nuevamente Lescano apareci\u00f3 para sostener el cero en el arco lujanero. Con el correr de los minutos, el conjunto de J\u00e1uregui recuper\u00f3 protagonismo y fue arrinconando a su rival.<\/p>\n<p>La jugada clave lleg\u00f3 pasada la media hora: Tom\u00e1s Bellido, que hab\u00eda ingresado minutos antes, encar\u00f3 dentro del \u00e1rea y habilit\u00f3 con precisi\u00f3n a Eladio Ramos. El delantero no perdon\u00f3 y defini\u00f3 cruzado para establecer el 1-0 que termin\u00f3 siendo definitivo.<\/p>\n<p><a href=\"https:\/\/diariodelujan.com\/xdeporte\/wp-content\/uploads\/2025\/09\/lujan.webp\"><img loading=\"lazy\" decoding=\"async\" class=\"aligncenter size-full wp-image-16878\" src=\"https:\/\/diariodelujan.com\/xdeporte\/wp-content\/uploads\/2025\/09\/lujan.webp\" alt=\"\" width=\"652\" height=\"463\" title=\"\" srcset=\"https:\/\/diariodelujan.com\/xdeporte\/wp-content\/uploads\/2025\/09\/lujan.webp 652w, https:\/\/diariodelujan.com\/xdeporte\/wp-content\/uploads\/2025\/09\/lujan-300x213.webp 300w, https:\/\/diariodelujan.com\/xdeporte\/wp-content\/uploads\/2025\/09\/lujan-591x420.webp 591w\" sizes=\"auto, (max-width: 652px) 100vw, 652px\" \/><\/a><\/p>\n<p>Tras el gol, el <em>Lujanero<\/em> tuvo situaciones para liquidar el pleito, pero le falt\u00f3 serenidad en los metros finales. De todos modos, el trabajo colectivo y la solidez defensiva fueron suficientes para asegurar tres puntos valiosos.<\/p>\n<h3><span style=\"font-size: 14pt;\"><strong>Un triunfo que alimenta la esperanza<\/strong><\/span><\/h3>\n<p>La victoria mantiene a Luj\u00e1n en la pelea, aunque Camioneros, l\u00edder del grupo, tambi\u00e9n sum\u00f3 de a tres en su compromiso y conserva la ventaja en la cima. De todas maneras, el plantel lujanero dej\u00f3 en claro que no se rendir\u00e1 hasta el final y que seguir\u00e1 luchando por acercarse al objetivo.<\/p>\n<p>El pr\u00f3ximo compromiso volver\u00e1 a ser decisivo, en un tramo del campeonato donde cada unidad puede marcar la diferencia. Lo cierto es que este martes el <em>Lujanero<\/em> reafirm\u00f3 su esp\u00edritu competitivo y, con un triunfo trabajado, contin\u00faa so\u00f1ando con dar pelea hasta la \u00faltima jornada.<\/p>\n","protected":false},"excerpt":{"rendered":"<p>El Lujanero volvi\u00f3 a sonre\u00edr en la Primera C y, aunque las chances de alcanzar la cima son limitadas, no se resigna: derrot\u00f3 a Argentino de Rosario en casa y sigue dando pelea en la Zona B.<\/p>\n","protected":false},"author":3,"featured_media":16873,"comment_status":"closed","ping_status":"closed","sticky":false,"template":"","format":"standard","meta":{"tdm_status":"","tdm_grid_status":"","footnotes":""},"categories":[2,8],"tags":[375,173,117,184,493,130],"class_list":{"0":"post-16872","1":"post","2":"type-post","3":"status-publish","4":"format-standard","5":"has-post-thumbnail","7":"category-featured","8":"category-futbol","9":"tag-argentino-de-rosario","10":"tag-futbol","11":"tag-lujan","12":"tag-lujanero","13":"tag-noticias","14":"tag-primera-c"},"_links":{"self":[{"href":"https:\/\/diariodelujan.com\/xdeporte\/wp-json\/wp\/v2\/posts\/16872","targetHints":{"allow":["GET"]}}],"collection":[{"href":"https:\/\/diariodelujan.com\/xdeporte\/wp-json\/wp\/v2\/posts"}],"about":[{"href":"https:\/\/diariodelujan.com\/xdeporte\/wp-json\/wp\/v2\/types\/post"}],"author":[{"embeddable":true,"href":"https:\/\/diariodelujan.com\/xdeporte\/wp-json\/wp\/v2\/users\/3"}],"replies":[{"embeddable":true,"href":"https:\/\/diariodelujan.com\/xdeporte\/wp-json\/wp\/v2\/comments?post=16872"}],"version-history":[{"count":2,"href":"https:\/\/diariodelujan.com\/xdeporte\/wp-json\/wp\/v2\/posts\/16872\/revisions"}],"predecessor-version":[{"id":16879,"href":"https:\/\/diariodelujan.com\/xdeporte\/wp-json\/wp\/v2\/posts\/16872\/revisions\/16879"}],"wp:featuredmedia":[{"embeddable":true,"href":"https:\/\/diariodelujan.com\/xdeporte\/wp-json\/wp\/v2\/media\/16873"}],"wp:attachment":[{"href":"https:\/\/diariodelujan.com\/xdeporte\/wp-json\/wp\/v2\/media?parent=16872"}],"wp:term":[{"taxonomy":"category","embeddable":true,"href":"https:\/\/diariodelujan.com\/xdeporte\/wp-json\/wp\/v2\/categories?post=16872"},{"taxonomy":"post_tag","embeddable":true,"href":"https:\/\/diariodelujan.com\/xdeporte\/wp-json\/wp\/v2\/tags?post=16872"}],"curies":[{"name":"wp","href":"https:\/\/api.w.org\/{rel}","templated":true}]}}