{"id":16880,"date":"2025-09-03T11:14:22","date_gmt":"2025-09-03T14:14:22","guid":{"rendered":"https:\/\/diariodelujan.com\/xdeporte\/?p=16880"},"modified":"2025-09-03T11:14:22","modified_gmt":"2025-09-03T14:14:22","slug":"liga-de-basquet-parque-san-martin","status":"publish","type":"post","link":"https:\/\/diariodelujan.com\/xdeporte\/liga-de-basquet-parque-san-martin\/","title":{"rendered":"Arranca la Liga de B\u00e1squet en las canchas del Parque San Mart\u00edn"},"content":{"rendered":"<p data-start=\"178\" data-end=\"453\"><span style=\"font-family: georgia, palatino, serif; font-size: 18px;\"><em>Este s\u00e1bado, las canchas p\u00fablicas del Parque San Mart\u00edn ser\u00e1n escenario del puntapi\u00e9 inicial de la <strong data-start=\"277\" data-end=\"306\">Liga Municipal de B\u00e1squet<\/strong>, una propuesta que busca consolidar la pr\u00e1ctica deportiva en Luj\u00e1n.<\/em><\/span><\/p>\n<p data-start=\"178\" data-end=\"453\"><!--more--><\/p>\n<p data-start=\"455\" data-end=\"671\">La iniciativa es impulsada por la <strong data-start=\"489\" data-end=\"566\">Direcci\u00f3n de Deportes de la Secretar\u00eda de Desarrollo Humano del Municipio<\/strong>, en articulaci\u00f3n con la <strong data-start=\"591\" data-end=\"623\">Escuela Municipal de B\u00e1squet<\/strong> y distintas instituciones deportivas locales.<\/p>\n<h3 data-start=\"673\" data-end=\"716\">Una apuesta al deporte y la formaci\u00f3n<\/h3>\n<p data-start=\"717\" data-end=\"1123\">\u201cEl lanzamiento de la Liga supone la continuidad del trabajo que venimos haciendo a trav\u00e9s de la Escuela Municipal de B\u00e1squet, aprovechando una infraestructura deportiva de primer nivel como la que tenemos en el Parque San Mart\u00edn. Contar con una competencia permanente es una herramienta clave para promover el deporte en todo el distrito\u201d, expres\u00f3 el secretario de Desarrollo Humano<\/p>\n<p data-start=\"1125\" data-end=\"1418\">La propuesta incluye <strong data-start=\"1146\" data-end=\"1167\">categor\u00edas mixtas<\/strong>: Pre Mini (8 y 9 a\u00f1os), Mini (10 y 11 a\u00f1os), U13 (12 y 13 a\u00f1os), U15 (14 y 15 a\u00f1os) y U17 (16 y 17 a\u00f1os). Los partidos se disputar\u00e1n en formato 5 contra 5, con cuatro cuartos de 10 minutos cada uno, siguiendo el reglamento oficial de la disciplina.<\/p>\n<h3 data-start=\"1420\" data-end=\"1443\">Fixture inaugural<\/h3>\n<p data-start=\"1444\" data-end=\"1517\">La jornada de apertura contar\u00e1 con un cronograma cargado de encuentros:<\/p>\n<ul data-start=\"1519\" data-end=\"1801\">\n<li data-start=\"1519\" data-end=\"1573\">\n<p data-start=\"1521\" data-end=\"1573\"><strong data-start=\"1521\" data-end=\"1531\">Sub 15<\/strong>: Escuela Municipal vs. UNLu \u2013 10:00 hs.<\/p>\n<\/li>\n<li data-start=\"1574\" data-end=\"1632\">\n<p data-start=\"1576\" data-end=\"1632\"><strong data-start=\"1576\" data-end=\"1586\">Sub 13<\/strong>: El Tim\u00f3n vs. Escuela Municipal \u2013 11:00 hs.<\/p>\n<\/li>\n<li data-start=\"1633\" data-end=\"1685\">\n<p data-start=\"1635\" data-end=\"1685\"><strong data-start=\"1635\" data-end=\"1643\">Mini<\/strong>: Escuela Municipal vs. UNLu \u2013 11:00 hs.<\/p>\n<\/li>\n<li data-start=\"1686\" data-end=\"1744\">\n<p data-start=\"1688\" data-end=\"1744\"><strong data-start=\"1688\" data-end=\"1698\">Sub 17<\/strong>: El Tim\u00f3n vs. Escuela Municipal \u2013 12:00 hs.<\/p>\n<\/li>\n<li data-start=\"1745\" data-end=\"1801\">\n<p data-start=\"1747\" data-end=\"1801\"><strong data-start=\"1747\" data-end=\"1759\">Pre Mini<\/strong>: Escuela Municipal vs. UNLu \u2013 12:00 hs.<\/p>\n<\/li>\n<\/ul>\n<p data-start=\"1803\" data-end=\"1992\">Adem\u00e1s, se estrenar\u00e1n <strong data-start=\"1825\" data-end=\"1870\">nuevos tableros profesionales de acr\u00edlico<\/strong>, lo que representa una mejora significativa en la infraestructura disponible para la pr\u00e1ctica del b\u00e1squet en la ciudad.<\/p>\n<p data-start=\"1803\" data-end=\"1992\"><a href=\"https:\/\/diariodelujan.com\/wp-content\/uploads\/2025\/09\/Basquet-en-las-canchas-del-Parque-San-Martin.webp\"><img loading=\"lazy\" decoding=\"async\" class=\"alignnone size-full wp-image-31982\" src=\"https:\/\/diariodelujan.com\/wp-content\/uploads\/2025\/09\/Basquet-en-las-canchas-del-Parque-San-Martin.webp\" alt=\"B\u00e1squet en las canchas del Parque San Mart\u00edn\" width=\"900\" height=\"675\" title=\"\"><\/a><\/p>\n<h3 data-start=\"1994\" data-end=\"2041\">Crecimiento y futuro del b\u00e1squet en Luj\u00e1n<\/h3>\n<p data-start=\"2042\" data-end=\"2573\">La coordinadora de la Escuela Municipal de B\u00e1squet, <strong data-start=\"2094\" data-end=\"2114\">Florencia Adorno<\/strong>, destac\u00f3 la importancia del proyecto: \u201cEstamos muy contentos de poder dar inicio a la Liga junto a las instituciones que nos acompa\u00f1an en la promoci\u00f3n de este deporte tan lindo. Esperamos que en el corto plazo tambi\u00e9n se sume un equipo del CEF de Olivera y otro de General Rodr\u00edguez, y que cada a\u00f1o podamos ir creciendo en participaci\u00f3n. Es una gran oportunidad para fortalecer experiencias en formaci\u00f3n, que tendr\u00e1n la oportunidad de competir y aprender\u201d.<\/p>\n<p data-start=\"2575\" data-end=\"2873\">La <strong data-start=\"2578\" data-end=\"2607\">Liga Municipal de B\u00e1squet<\/strong> tendr\u00e1 frecuencia mensual, ofreciendo a los m\u00e1s j\u00f3venes un espacio de encuentro, integraci\u00f3n y desarrollo deportivo. Con este paso, Luj\u00e1n refuerza su compromiso con el deporte social y formativo, proyectando al b\u00e1squet como una disciplina clave para la comunidad.<\/p>\n","protected":false},"excerpt":{"rendered":"<p>Este s\u00e1bado, las canchas p\u00fablicas del Parque San Mart\u00edn ser\u00e1n escenario del puntapi\u00e9 inicial de la Liga Municipal de B\u00e1squet, una propuesta que busca consolidar la pr\u00e1ctica deportiva en Luj\u00e1n.<\/p>\n","protected":false},"author":4,"featured_media":15050,"comment_status":"closed","ping_status":"closed","sticky":false,"template":"","format":"standard","meta":{"tdm_status":"","tdm_grid_status":"","footnotes":""},"categories":[425,2],"tags":[423,514],"class_list":{"0":"post-16880","1":"post","2":"type-post","3":"status-publish","4":"format-standard","5":"has-post-thumbnail","7":"category-basquet","8":"category-featured","9":"tag-basquet","10":"tag-liga"},"_links":{"self":[{"href":"https:\/\/diariodelujan.com\/xdeporte\/wp-json\/wp\/v2\/posts\/16880","targetHints":{"allow":["GET"]}}],"collection":[{"href":"https:\/\/diariodelujan.com\/xdeporte\/wp-json\/wp\/v2\/posts"}],"about":[{"href":"https:\/\/diariodelujan.com\/xdeporte\/wp-json\/wp\/v2\/types\/post"}],"author":[{"embeddable":true,"href":"https:\/\/diariodelujan.com\/xdeporte\/wp-json\/wp\/v2\/users\/4"}],"replies":[{"embeddable":true,"href":"https:\/\/diariodelujan.com\/xdeporte\/wp-json\/wp\/v2\/comments?post=16880"}],"version-history":[{"count":3,"href":"https:\/\/diariodelujan.com\/xdeporte\/wp-json\/wp\/v2\/posts\/16880\/revisions"}],"predecessor-version":[{"id":16883,"href":"https:\/\/diariodelujan.com\/xdeporte\/wp-json\/wp\/v2\/posts\/16880\/revisions\/16883"}],"wp:featuredmedia":[{"embeddable":true,"href":"https:\/\/diariodelujan.com\/xdeporte\/wp-json\/wp\/v2\/media\/15050"}],"wp:attachment":[{"href":"https:\/\/diariodelujan.com\/xdeporte\/wp-json\/wp\/v2\/media?parent=16880"}],"wp:term":[{"taxonomy":"category","embeddable":true,"href":"https:\/\/diariodelujan.com\/xdeporte\/wp-json\/wp\/v2\/categories?post=16880"},{"taxonomy":"post_tag","embeddable":true,"href":"https:\/\/diariodelujan.com\/xdeporte\/wp-json\/wp\/v2\/tags?post=16880"}],"curies":[{"name":"wp","href":"https:\/\/api.w.org\/{rel}","templated":true}]}}