{"id":16917,"date":"2025-09-08T18:18:17","date_gmt":"2025-09-08T21:18:17","guid":{"rendered":"https:\/\/diariodelujan.com\/xdeporte\/?p=16917"},"modified":"2025-09-08T18:24:48","modified_gmt":"2025-09-08T21:24:48","slug":"tc-pick-up-de-automodelismo","status":"publish","type":"post","link":"https:\/\/diariodelujan.com\/xdeporte\/tc-pick-up-de-automodelismo\/","title":{"rendered":"Salvatierra y Bevilaqua brillaron en el TC Pick Up de automodelismo"},"content":{"rendered":"<p><span style=\"font-family: georgia, palatino, serif; font-size: 18px;\"><em>La pasi\u00f3n por el automodelismo a escala volvi\u00f3 a vibrar en Luj\u00e1n con una nueva fecha del Campeonato de <strong>TC Pick Up<\/strong> organizado por la Asociaci\u00f3n Civil Corredores Automodelismo Luj\u00e1n (ACCAL).<\/em><\/span><\/p>\n<p><!--more--><\/p>\n<p>En una jornada cargada de adrenalina, estrategia y camarader\u00eda, la dupla integrada por <strong>Dami\u00e1n Salvatierra<\/strong>, de Ituzaing\u00f3, y <strong>Julio Bevilaqua<\/strong>, de Moreno, volvi\u00f3 a demostrar por qu\u00e9 son referentes de la categor\u00eda.<\/p>\n<p>Con una marca de <strong>359.69 vueltas<\/strong>, Salvatierra y Bevilaqua dominaron de principio a fin, imponiendo un ritmo s\u00f3lido que combin\u00f3 puesta a punto, precisi\u00f3n mec\u00e1nica y una estrategia de carrera impecable. Esta nueva victoria reafirma el liderazgo de la dupla, que viene marcando tendencia en cada presentaci\u00f3n y consolid\u00e1ndose como una de las m\u00e1s dif\u00edciles de superar en el competitivo mundo del <a href=\"https:\/\/diariodelujan.com\/xdeporte\/tc-pick-up-en-formato-endurance\/\">TC Pick Up<\/a> de ACCAL.<\/p>\n<h2>El podio y los grandes protagonistas<\/h2>\n<p>En el <strong>segundo lugar<\/strong>, los lujanenses <strong>Javier Braiotta<\/strong> y <strong>Javier Etchetto<\/strong> tuvieron una actuaci\u00f3n destacada, completando <strong>356.66 vueltas<\/strong>. Su rendimiento fue tan parejo que oblig\u00f3 a los ganadores a mantener la concentraci\u00f3n al m\u00e1ximo. El trabajo en equipo fue fundamental, ya que en cada v\u00eda los dos pilotos deb\u00edan cumplir con su participaci\u00f3n, lo que elev\u00f3 la exigencia de la competencia.<\/p>\n<figure id=\"attachment_32177\" aria-describedby=\"caption-attachment-32177\" style=\"width: 800px\" class=\"wp-caption alignnone\"><a href=\"https:\/\/diariodelujan.com\/wp-content\/uploads\/2025\/09\/END-RUB-SPORT-5-09-eEHAB.webp\"><img loading=\"lazy\" decoding=\"async\" class=\"wp-image-32177 size-full\" title=\"TC Pick Up ACCAL\" src=\"https:\/\/diariodelujan.com\/wp-content\/uploads\/2025\/09\/END-RUB-SPORT-5-09-eEHAB.webp\" alt=\"TC Pick Up de automodelismo podio\" width=\"800\" height=\"390\" \/><\/a><figcaption id=\"caption-attachment-32177\" class=\"wp-caption-text\">Im\u00e1genes Pasti Melconian &#8211; Caricaturas Fernando Guagliardi<\/figcaption><\/figure>\n<p>El <strong>tercer puesto<\/strong> fue para <strong>Danilo Nicoloso<\/strong> y el siempre carism\u00e1tico <strong>Cristian \u201cPasti\u201d Melconian<\/strong>, quienes, pese a algunos despistes involuntarios, lograron <strong>343.59 giros<\/strong>. Una performance que les permiti\u00f3 superar por escaso margen a la dupla conformada por <strong>Ricardo Perea<\/strong>, de Campana, y <strong>Luis Rub\u00edn<\/strong>, de Cardales, que cerraron con <strong>343.16 vueltas<\/strong> y se ubicaron en la <strong>cuarta posici\u00f3n<\/strong>, sumando puntos valiosos para el torneo.<\/p>\n<p>En la <strong>quinta colocaci\u00f3n<\/strong> finaliz\u00f3 un binomio muy particular: el periodista y piloto <strong>Ricardo Vega<\/strong>, junto a <strong>Lautaro Etchetto<\/strong>, reconocido como \u201cel piloto chef\u201d. Adem\u00e1s de su participaci\u00f3n en la pista, Etchetto fue el encargado del espectacular asado criollo con el que la instituci\u00f3n organizadora agasaj\u00f3 a pilotos y preparadores, reforzando el esp\u00edritu de camarader\u00eda que caracteriza al campeonato. Juntos completaron <strong>319.01 vueltas<\/strong>, cerrando una actuaci\u00f3n m\u00e1s que destacada.<\/p>\n<figure id=\"attachment_32178\" aria-describedby=\"caption-attachment-32178\" style=\"width: 800px\" class=\"wp-caption alignnone\"><a href=\"https:\/\/diariodelujan.com\/wp-content\/uploads\/2025\/09\/END-RUB-SPORT-5-09-eEHH.webp\"><img loading=\"lazy\" decoding=\"async\" class=\"size-full wp-image-32178\" src=\"https:\/\/diariodelujan.com\/wp-content\/uploads\/2025\/09\/END-RUB-SPORT-5-09-eEHH.webp\" alt=\"TC Pick Up de automodelismo\" width=\"800\" height=\"533\" title=\"\"><\/a><figcaption id=\"caption-attachment-32178\" class=\"wp-caption-text\">Im\u00e1genes Pasti Melconian &#8211; Caricaturas Fernando Guagliardi<\/figcaption><\/figure>\n<h2>M\u00e1s que una carrera, una gran fiesta del TC Pick Up<\/h2>\n<p>La competencia, de larga duraci\u00f3n, no solo fue importante por los puntos en juego dentro del torneo de TC Pick Up, sino tambi\u00e9n por el ambiente que se gener\u00f3 en el circuito. En cada edici\u00f3n, ACCAL logra reunir a pilotos, preparadores y familias que encuentran en estas jornadas una oportunidad \u00fanica para compartir su pasi\u00f3n por el automodelismo, divertirse y fortalecer lazos de amistad.<\/p>\n<p>La pista de Luj\u00e1n sigue creciendo en nivel y convocatoria, atrayendo a nuevos corredores y consolid\u00e1ndose como un escenario clave dentro de la disciplina. Con categor\u00edas que siempre ofrecen espect\u00e1culo, la cita se convirti\u00f3 en un verdadero cl\u00e1sico para quienes disfrutan de la velocidad a escala y el esp\u00edritu competitivo en un marco de respeto y compa\u00f1erismo.<\/p>\n<p><a href=\"https:\/\/diariodelujan.com\/wp-content\/uploads\/2025\/09\/END-RUB-SPORT-5-09-d.webp\"><img loading=\"lazy\" decoding=\"async\" class=\"alignnone size-full wp-image-32175\" src=\"https:\/\/diariodelujan.com\/wp-content\/uploads\/2025\/09\/END-RUB-SPORT-5-09-d.webp\" alt=\"TC Pick Up de automodelismo\" width=\"800\" height=\"490\" title=\"\"><\/a><\/p>\n<h2>Pr\u00f3ximos desaf\u00edos<\/h2>\n<p>Con esta victoria, Salvatierra y Bevilaqua confirman su excelente momento dentro del campeonato de TC Pick Up, aunque la lucha por los primeros puestos sigue abierta y promete grandes emociones en las pr\u00f3ximas fechas. Cada carrera es un nuevo desaf\u00edo, y los equipos ya trabajan para mejorar su rendimiento y acercarse al nivel de los l\u00edderes.<\/p>\n<p>La temporada contin\u00faa con un calendario cargado de expectativas, donde la combinaci\u00f3n de estrategia, t\u00e9cnica y talento al volante definir\u00e1 qui\u00e9n se quedar\u00e1 con la gloria en un torneo que crece carrera tras carrera.<\/p>\n<p><em>Fuente:<a href=\"https:\/\/autoshowslot.blogspot.com\/\" target=\"_blank\" rel=\"noopener\"> AutoShowSlot<\/a><\/em><\/p>\n","protected":false},"excerpt":{"rendered":"<p>La pasi\u00f3n por el automodelismo a escala volvi\u00f3 a vibrar en Luj\u00e1n con una nueva fecha del Campeonato de TC Pick Up organizado por la Asociaci\u00f3n Civil Corredores Automodelismo Luj\u00e1n (ACCAL).<\/p>\n","protected":false},"author":4,"featured_media":16919,"comment_status":"closed","ping_status":"closed","sticky":false,"template":"","format":"standard","meta":{"tdm_status":"","tdm_grid_status":"","footnotes":""},"categories":[20,2],"tags":[510,19,65],"class_list":{"0":"post-16917","1":"post","2":"type-post","3":"status-publish","4":"format-standard","5":"has-post-thumbnail","7":"category-automodelismo","8":"category-featured","9":"tag-accal","10":"tag-automodelismo","11":"tag-tc-pick-up"},"_links":{"self":[{"href":"https:\/\/diariodelujan.com\/xdeporte\/wp-json\/wp\/v2\/posts\/16917","targetHints":{"allow":["GET"]}}],"collection":[{"href":"https:\/\/diariodelujan.com\/xdeporte\/wp-json\/wp\/v2\/posts"}],"about":[{"href":"https:\/\/diariodelujan.com\/xdeporte\/wp-json\/wp\/v2\/types\/post"}],"author":[{"embeddable":true,"href":"https:\/\/diariodelujan.com\/xdeporte\/wp-json\/wp\/v2\/users\/4"}],"replies":[{"embeddable":true,"href":"https:\/\/diariodelujan.com\/xdeporte\/wp-json\/wp\/v2\/comments?post=16917"}],"version-history":[{"count":3,"href":"https:\/\/diariodelujan.com\/xdeporte\/wp-json\/wp\/v2\/posts\/16917\/revisions"}],"predecessor-version":[{"id":16921,"href":"https:\/\/diariodelujan.com\/xdeporte\/wp-json\/wp\/v2\/posts\/16917\/revisions\/16921"}],"wp:featuredmedia":[{"embeddable":true,"href":"https:\/\/diariodelujan.com\/xdeporte\/wp-json\/wp\/v2\/media\/16919"}],"wp:attachment":[{"href":"https:\/\/diariodelujan.com\/xdeporte\/wp-json\/wp\/v2\/media?parent=16917"}],"wp:term":[{"taxonomy":"category","embeddable":true,"href":"https:\/\/diariodelujan.com\/xdeporte\/wp-json\/wp\/v2\/categories?post=16917"},{"taxonomy":"post_tag","embeddable":true,"href":"https:\/\/diariodelujan.com\/xdeporte\/wp-json\/wp\/v2\/tags?post=16917"}],"curies":[{"name":"wp","href":"https:\/\/api.w.org\/{rel}","templated":true}]}}