{"id":16930,"date":"2025-09-09T03:29:53","date_gmt":"2025-09-09T06:29:53","guid":{"rendered":"https:\/\/diariodelujan.com\/xdeporte\/?p=16930"},"modified":"2025-09-09T03:29:53","modified_gmt":"2025-09-09T06:29:53","slug":"el-lujanero-se-juega-una-final","status":"publish","type":"post","link":"https:\/\/diariodelujan.com\/xdeporte\/el-lujanero-se-juega-una-final\/","title":{"rendered":"El Lujanero se juega una final anticipada ante Paraguayo"},"content":{"rendered":"<p><span style=\"font-size: 14pt; font-family: georgia, palatino, serif;\"><em><a href=\"https:\/\/www.facebook.com\/www.clublujan.com.ar\" target=\"_blank\" rel=\"noopener\">El Lujanero<\/a> atraviesa una semana decisiva en su pelea por seguir en carrera hacia la tan ansiada final por el primer ascenso a la Primera B.<\/em><\/span><\/p>\n<p><!--more--><\/p>\n<p>Luego del <a href=\"https:\/\/diariodelujan.com\/xdeporte\/el-lujanero-gano-vs-argentino\/\" target=\"_blank\" rel=\"noopener\">triunfo ajustado frente a Argentino de Rosario<\/a>, el <em>Lujanero<\/em> se aferra a la ilusi\u00f3n y este martes tendr\u00e1 un nuevo desaf\u00edo: recibir\u00e1 a Deportivo Paraguayo en el estadio 1\u00ba de Abril por la 25\u00b0 fecha de la Zona B de la Primera C. El encuentro est\u00e1 programado para las 15.30 y contar\u00e1 con el arbitraje de Rodrigo Villalba.<\/p>\n<h3><span style=\"font-size: 14pt;\"><strong>El presente del Lujanero<\/strong><\/span><\/h3>\n<p>La victoria del fin de semana pasado ante el Salaito, gracias al gol que desat\u00f3 la alegr\u00eda de todo J\u00e1uregui, revitaliz\u00f3 el \u00e1nimo del plantel y de los hinchas. El <em>Lujanero<\/em> sabe que depende no solo de s\u00ed mismo, sino tambi\u00e9n de lo que ocurra en otros escenarios, especialmente con Camioneros, que enfrentar\u00e1 a Ca\u00f1uelas. Un tropiezo del Verde podr\u00eda abrirle al equipo de Santiago Fredes la puerta a un desenlace so\u00f1ado.<\/p>\n<p>En lo futbol\u00edstico, el entrenador analiza repetir la formaci\u00f3n que super\u00f3 a Argentino de Rosario. Sin embargo, no se descartan variantes: Facundo Rojas podr\u00eda reemplazar a Santiago Tr\u00edbulo, mientras que Mart\u00edn Duna aparece como opci\u00f3n para ingresar por Pedro Alfonso. La idea del cuerpo t\u00e9cnico es mantener la intensidad y el orden que se vieron en el \u00faltimo compromiso, donde Luj\u00e1n supo ser compacto y efectivo.<\/p>\n<h3><span style=\"font-size: 14pt;\"><strong>Paraguayo, un rival inc\u00f3modo<\/strong><\/span><\/h3>\n<p>Del otro lado estar\u00e1 Deportivo Paraguayo, un conjunto que, m\u00e1s all\u00e1 de sus limitaciones en la tabla, suele complicar con su despliegue y entrega. El Guaran\u00ed buscar\u00e1 arruinarle la tarde al <em>Lujanero<\/em>, jugando sin presi\u00f3n y con la posibilidad de dar un golpe que repercuta en el campeonato.<\/p>\n<h3><span style=\"font-size: 14pt;\"><strong>Contexto y expectativas<\/strong><\/span><\/h3>\n<p>La jornada del martes se presenta como una final anticipada para el <em>Lujanero<\/em>. El clima en el Estadio 1\u00ba de Abril promete ser de fiesta, con una hinchada que acompa\u00f1a pese a las dificultades y que mantiene viva la esperanza de ver al equipo en la pelea grande por el ascenso.<\/p>\n<p>Consciente de que cada punto vale oro en esta recta final, Luj\u00e1n saldr\u00e1 decidido a buscar la victoria, sabiendo que el margen de error es m\u00ednimo y que solo un triunfo le permitir\u00e1 seguir so\u00f1ando.<\/p>\n<p>El destino del <em>Lujanero<\/em> no est\u00e1 solo en sus manos, pero la ilusi\u00f3n permanece intacta. Lo que ocurra frente a Paraguayo y, en paralelo, en el duelo de Camioneros, marcar\u00e1 el rumbo de las aspiraciones de un equipo que no quiere bajarse de la pelea.<\/p>\n","protected":false},"excerpt":{"rendered":"<p>El Lujanero atraviesa una semana decisiva en su pelea por seguir en carrera hacia la tan ansiada final por el primer ascenso a la Primera B.<\/p>\n","protected":false},"author":3,"featured_media":16683,"comment_status":"closed","ping_status":"closed","sticky":false,"template":"","format":"standard","meta":{"tdm_status":"","tdm_grid_status":"","footnotes":""},"categories":[8],"tags":[173,117,184,515,130],"class_list":{"0":"post-16930","1":"post","2":"type-post","3":"status-publish","4":"format-standard","5":"has-post-thumbnail","7":"category-futbol","8":"tag-futbol","9":"tag-lujan","10":"tag-lujanero","11":"tag-paraguayo","12":"tag-primera-c"},"_links":{"self":[{"href":"https:\/\/diariodelujan.com\/xdeporte\/wp-json\/wp\/v2\/posts\/16930","targetHints":{"allow":["GET"]}}],"collection":[{"href":"https:\/\/diariodelujan.com\/xdeporte\/wp-json\/wp\/v2\/posts"}],"about":[{"href":"https:\/\/diariodelujan.com\/xdeporte\/wp-json\/wp\/v2\/types\/post"}],"author":[{"embeddable":true,"href":"https:\/\/diariodelujan.com\/xdeporte\/wp-json\/wp\/v2\/users\/3"}],"replies":[{"embeddable":true,"href":"https:\/\/diariodelujan.com\/xdeporte\/wp-json\/wp\/v2\/comments?post=16930"}],"version-history":[{"count":2,"href":"https:\/\/diariodelujan.com\/xdeporte\/wp-json\/wp\/v2\/posts\/16930\/revisions"}],"predecessor-version":[{"id":16932,"href":"https:\/\/diariodelujan.com\/xdeporte\/wp-json\/wp\/v2\/posts\/16930\/revisions\/16932"}],"wp:featuredmedia":[{"embeddable":true,"href":"https:\/\/diariodelujan.com\/xdeporte\/wp-json\/wp\/v2\/media\/16683"}],"wp:attachment":[{"href":"https:\/\/diariodelujan.com\/xdeporte\/wp-json\/wp\/v2\/media?parent=16930"}],"wp:term":[{"taxonomy":"category","embeddable":true,"href":"https:\/\/diariodelujan.com\/xdeporte\/wp-json\/wp\/v2\/categories?post=16930"},{"taxonomy":"post_tag","embeddable":true,"href":"https:\/\/diariodelujan.com\/xdeporte\/wp-json\/wp\/v2\/tags?post=16930"}],"curies":[{"name":"wp","href":"https:\/\/api.w.org\/{rel}","templated":true}]}}